{"id":197319,"date":"2026-03-12T08:11:07","date_gmt":"2026-03-12T11:11:07","guid":{"rendered":"https:\/\/cdnoticias.com\/?p=197319"},"modified":"2026-03-12T11:15:25","modified_gmt":"2026-03-12T14:15:25","slug":"expo-agro-2026-es-todo-lo-contrario-a-lo-que-sucede-actualmente-en-olavarria","status":"publish","type":"post","link":"https:\/\/cdnoticias.com\/index.php\/2026\/03\/12\/expo-agro-2026-es-todo-lo-contrario-a-lo-que-sucede-actualmente-en-olavarria\/","title":{"rendered":"Expo Agro 2026: &#8220;Es todo lo contrario a lo que sucede actualmente en Olavarr\u00eda\u201d"},"content":{"rendered":"\n<p>El diputado provincial Mart\u00edn Endere recorri\u00f3 este mi\u00e9rcoles Expo Agro 2026 donde destac\u00f3 la potencia del sector: \u201cHace muchos a\u00f1os que el municipio de San Nicol\u00e1s es un ejemplo en materia de gesti\u00f3n local con una mirada moderna, eficiente y ordenada en materia de recursos\u201d sostuvo.&nbsp;<\/p>\n\n\n\n<hr class=\"wp-block-separator aligncenter has-alpha-channel-opacity\"\/>\n\n\n\n<p>El <strong>diputado provincial Mart\u00edn Endere recorri\u00f3 <\/strong>este mi\u00e9rcoles <strong>Expo Agro 2026<\/strong>, la <strong>muestra agroindustrial de la Argentina que se desarrolla en la ciudad de San Nicol\u00e1s del 10 al 13 de marzo.\u00a0\u00a0<\/strong><\/p>\n\n\n\n<p><\/p>\n\n\n\n<p>Durante la visita a la Exposici\u00f3n, Endere <strong>mantuvo una reuni\u00f3n con el intendente local Santiago Passaglia donde resaltaron &#8220;la importancia de desburocratizar el estado municipal y gestionarlo con eficiencia<\/strong>&#8220;. Participaron tambi\u00e9n del encuentro el diputado provincial Manuel Passaglia y la senadora provincial Emilia Subiza.<\/p>\n\n\n\n<p><\/p>\n\n\n\n<blockquote class=\"wp-block-quote is-layout-flow wp-block-quote-is-layout-flow\">\n<p>\u201cHace muchos a\u00f1os que el municipio de San Nicol\u00e1s es un ejemplo en materia de gesti\u00f3n local con una mirada moderna, eficiente y ordenada en materia de recursos. Es todo lo contrario a lo que sucede actualmente en Olavarr\u00eda\u201d, explic\u00f3 el legislador.\u00a0<\/p>\n<\/blockquote>\n\n\n\n<p><\/p>\n\n\n\n<figure class=\"wp-block-image aligncenter size-full\"><img data-recalc-dims=\"1\" loading=\"lazy\" decoding=\"async\" width=\"800\" height=\"526\" src=\"https:\/\/i0.wp.com\/cdnoticias.com\/wp-content\/uploads\/2026\/03\/endere-expoagro.png?resize=800%2C526&#038;ssl=1\" alt=\"\" class=\"wp-image-197321\" srcset=\"https:\/\/i0.wp.com\/cdnoticias.com\/wp-content\/uploads\/2026\/03\/endere-expoagro.png?w=900&amp;ssl=1 900w, https:\/\/i0.wp.com\/cdnoticias.com\/wp-content\/uploads\/2026\/03\/endere-expoagro.png?resize=300%2C197&amp;ssl=1 300w, https:\/\/i0.wp.com\/cdnoticias.com\/wp-content\/uploads\/2026\/03\/endere-expoagro.png?resize=768%2C505&amp;ssl=1 768w\" sizes=\"auto, (max-width: 800px) 100vw, 800px\" \/><\/figure>\n\n\n\n<p><\/p>\n\n\n\n<blockquote class=\"wp-block-quote is-layout-flow wp-block-quote-is-layout-flow\">\n<p>\u201cLa subejecuci\u00f3n de la Tasa Vial en Olavarr\u00eda es un claro ejemplo de c\u00f3mo no debe gestionarse un municipio. Los prejuicios ideol\u00f3gicos han impedido que la actual gesti\u00f3n impulse y acompa\u00f1e a un sector tan pujante de la econom\u00eda como el agro\u201d, a\u00f1adi\u00f3 Endere.\u00a0<\/p>\n<\/blockquote>\n\n\n\n<p><\/p>\n\n\n\n<p>Adem\u00e1s, el diputado olavarriense se reuni\u00f3 con el Gerente de Agropecuaria del Banco Provincia Diego Brazionis y con la Gerenta de Relaciones con el Sector P\u00fablico Mara Mart\u00edn y resalt\u00f3 que \u201c<strong>es fundamental que la entidad bancaria ofrezca financiamiento al sector agroindustrial que genera un gran n\u00famero de puestos de trabajo\u201d.<\/strong><\/p>\n\n\n\n<p><\/p>\n\n\n\n<p>Finalmente, Mart\u00edn Endere <strong>destac\u00f3 la potencia del sector<\/strong> y dijo: \u201c<strong><em>la presencia de m\u00e1s de 700 expositores y 100 empresas nuevas demuestra que el agro es uno de los motores que impulsan la estabilidad y el crecimiento de la Argentina y los municipios tienen la obligaci\u00f3n de acompa\u00f1ar al sector \u201d.<\/em><\/strong><\/p>\n\n\n\n<p><\/p>\n","protected":false},"excerpt":{"rendered":"<p>El diputado provincial Mart\u00edn Endere recorri\u00f3 este mi\u00e9rcoles Expo Agro 2026 donde destac\u00f3 la potencia del sector: \u201cHace muchos a\u00f1os<\/p>\n","protected":false},"author":6,"featured_media":171520,"comment_status":"closed","ping_status":"closed","sticky":false,"template":"","format":"standard","meta":{"_jetpack_memberships_contains_paid_content":false,"footnotes":""},"categories":[4,1],"tags":[],"class_list":["post-197319","post","type-post","status-publish","format-standard","has-post-thumbnail","hentry","category-politica","category-portada"],"jetpack_featured_media_url":"https:\/\/i0.wp.com\/cdnoticias.com\/wp-content\/uploads\/2025\/05\/endere-martin.png?fit=800%2C445&ssl=1","jetpack_sharing_enabled":true,"_links":{"self":[{"href":"https:\/\/cdnoticias.com\/index.php\/wp-json\/wp\/v2\/posts\/197319","targetHints":{"allow":["GET"]}}],"collection":[{"href":"https:\/\/cdnoticias.com\/index.php\/wp-json\/wp\/v2\/posts"}],"about":[{"href":"https:\/\/cdnoticias.com\/index.php\/wp-json\/wp\/v2\/types\/post"}],"author":[{"embeddable":true,"href":"https:\/\/cdnoticias.com\/index.php\/wp-json\/wp\/v2\/users\/6"}],"replies":[{"embeddable":true,"href":"https:\/\/cdnoticias.com\/index.php\/wp-json\/wp\/v2\/comments?post=197319"}],"version-history":[{"count":0,"href":"https:\/\/cdnoticias.com\/index.php\/wp-json\/wp\/v2\/posts\/197319\/revisions"}],"wp:featuredmedia":[{"embeddable":true,"href":"https:\/\/cdnoticias.com\/index.php\/wp-json\/wp\/v2\/media\/171520"}],"wp:attachment":[{"href":"https:\/\/cdnoticias.com\/index.php\/wp-json\/wp\/v2\/media?parent=197319"}],"wp:term":[{"taxonomy":"category","embeddable":true,"href":"https:\/\/cdnoticias.com\/index.php\/wp-json\/wp\/v2\/categories?post=197319"},{"taxonomy":"post_tag","embeddable":true,"href":"https:\/\/cdnoticias.com\/index.php\/wp-json\/wp\/v2\/tags?post=197319"}],"curies":[{"name":"wp","href":"https:\/\/api.w.org\/{rel}","templated":true}]}}