{"id":197315,"date":"2026-03-11T18:00:23","date_gmt":"2026-03-11T21:00:23","guid":{"rendered":"https:\/\/cdnoticias.com\/?p=197315"},"modified":"2026-03-11T20:54:10","modified_gmt":"2026-03-11T23:54:10","slug":"vuelos-sanitario-se-traslado-con-exito-a-un-paciente-pediatrico-hacia-mar-del-plata","status":"publish","type":"post","link":"https:\/\/cdnoticias.com\/index.php\/2026\/03\/11\/vuelos-sanitario-se-traslado-con-exito-a-un-paciente-pediatrico-hacia-mar-del-plata\/","title":{"rendered":"Vuelo Sanitario: se traslad\u00f3 con \u00e9xito a un paciente pedi\u00e1trico hacia Mar del Plata"},"content":{"rendered":"\n<p>Se trata de un paciente de 3 a\u00f1os. Debido a la complejidad de su cuadro de salud y al riesgo de vida que presentaba, se activ\u00f3 un protocolo que incluy\u00f3 el trabajo en conjunto entre el equipo del Hospital y personal del Ministerio de Salud de la Provincia de Buenos Aires.<\/p>\n\n\n\n<hr class=\"wp-block-separator aligncenter has-alpha-channel-opacity\"\/>\n\n\n\n<p>El <strong>Hospital Municipal \u201cDr. H\u00e9ctor M. Cura<\/strong>\u201d concret\u00f3 este martes el <strong>traslado de un paciente pedi\u00e1trico de 3 a\u00f1os<\/strong> <strong>mediante un vuelo sanitario hacia la ciudad de Mar del Plata, <\/strong>siendo ingresado en el <strong>Hospital Interzonal Especializado Materno Infantil <\/strong>de la localidad balnearia.\u00a0<\/p>\n\n\n\n<p><\/p>\n\n\n\n<blockquote class=\"wp-block-quote is-layout-flow wp-block-quote-is-layout-flow\">\n<p>Se indic\u00f3 que &#8220;debido a la complejidad de su cuadro de salud y al riesgo de vida que presentaba, se activ\u00f3 un protocolo que incluy\u00f3 el trabajo en conjunto entre el equipo del Hospital y personal del Ministerio de Salud de la Provincia de Buenos Aires&#8221;. <\/p>\n<\/blockquote>\n\n\n\n<p><\/p>\n\n\n\n<p>La directora de Redes del Hospital Municipal, Mar\u00eda Eugenia De Rossi, explic\u00f3 que \u201c<strong>el operativo se inici\u00f3 a partir de la solicitud del servicio de internaci\u00f3n de Terapia Intensiva Pedi\u00e1trica para derivar al paciente a un centro de mayor complejidad<\/strong>\u201d. Luego, se gestion\u00f3 el traslado a\u00e9reo a trav\u00e9s del Sistema de Emergencias Sanitarias del Ministerio de Salud de la Provincia de Buenos Aires.<\/p>\n\n\n\n<p><\/p>\n\n\n\n<p>En ese marco, se articul\u00f3 un trabajo conjunto entre el equipo de salud local y el sistema provincial de emergencias para concretar el vuelo sanitario y garantizar el traslado en el menor tiempo posible.<\/p>\n\n\n\n<p><\/p>\n\n\n\n<blockquote class=\"wp-block-quote is-layout-flow wp-block-quote-is-layout-flow\">\n<p>El operativo incluy\u00f3 el arribo del equipo del avi\u00f3n sanitario al Aer\u00f3dromo Municipal, desde donde fue trasladado hacia el Hospital Municipal para realizar la estabilizaci\u00f3n y preparaci\u00f3n del paciente. Posteriormente, el ni\u00f1o fue derivado en ambulancia desde el \u00e1rea de Pediatr\u00eda hasta el aer\u00f3dromo.<\/p>\n<\/blockquote>\n\n\n\n<p><\/p>\n\n\n\n<p>El traslado se realiz\u00f3 con acompa\u00f1amiento de un operativo de tr\u00e1nsito y seguridad coordinado junto a personal de Tr\u00e1nsito del Municipio y efectivos policiales, quienes realizaron un cortejo para agilizar el recorrido hasta el aeropuerto. De Rossi destac\u00f3 la <strong>articulaci\u00f3n entre los distintos equipos que intervinieron en el operativo,<\/strong> lo que permiti\u00f3 concretar la <strong>derivaci\u00f3n de manera r\u00e1pida y segura, priorizando, en todo momento, el cuidado del paciente y su familia.<\/strong><\/p>\n\n\n\n<p><\/p>\n\n\n\n<p>En horas de la noche del martes se pudo saber que <strong>el vuelo sanitario concluy\u00f3 de manera exitosa<\/strong> y que <strong>el ni\u00f1o, acompa\u00f1ado por su familia, se encuentra estable y recibiendo el tratamiento correspondiente a su cuadro sanitario.<\/strong><\/p>\n","protected":false},"excerpt":{"rendered":"<p>Se trata de un paciente de 3 a\u00f1os. Debido a la complejidad de su cuadro de salud y al riesgo<\/p>\n","protected":false},"author":6,"featured_media":197316,"comment_status":"closed","ping_status":"closed","sticky":false,"template":"","format":"standard","meta":{"_jetpack_memberships_contains_paid_content":false,"footnotes":""},"categories":[5,1],"tags":[],"class_list":["post-197315","post","type-post","status-publish","format-standard","has-post-thumbnail","hentry","category-informacion-general","category-portada"],"jetpack_featured_media_url":"https:\/\/i0.wp.com\/cdnoticias.com\/wp-content\/uploads\/2026\/03\/vuelo-sanitario1.jpg?fit=900%2C600&ssl=1","jetpack_sharing_enabled":true,"_links":{"self":[{"href":"https:\/\/cdnoticias.com\/index.php\/wp-json\/wp\/v2\/posts\/197315","targetHints":{"allow":["GET"]}}],"collection":[{"href":"https:\/\/cdnoticias.com\/index.php\/wp-json\/wp\/v2\/posts"}],"about":[{"href":"https:\/\/cdnoticias.com\/index.php\/wp-json\/wp\/v2\/types\/post"}],"author":[{"embeddable":true,"href":"https:\/\/cdnoticias.com\/index.php\/wp-json\/wp\/v2\/users\/6"}],"replies":[{"embeddable":true,"href":"https:\/\/cdnoticias.com\/index.php\/wp-json\/wp\/v2\/comments?post=197315"}],"version-history":[{"count":0,"href":"https:\/\/cdnoticias.com\/index.php\/wp-json\/wp\/v2\/posts\/197315\/revisions"}],"wp:featuredmedia":[{"embeddable":true,"href":"https:\/\/cdnoticias.com\/index.php\/wp-json\/wp\/v2\/media\/197316"}],"wp:attachment":[{"href":"https:\/\/cdnoticias.com\/index.php\/wp-json\/wp\/v2\/media?parent=197315"}],"wp:term":[{"taxonomy":"category","embeddable":true,"href":"https:\/\/cdnoticias.com\/index.php\/wp-json\/wp\/v2\/categories?post=197315"},{"taxonomy":"post_tag","embeddable":true,"href":"https:\/\/cdnoticias.com\/index.php\/wp-json\/wp\/v2\/tags?post=197315"}],"curies":[{"name":"wp","href":"https:\/\/api.w.org\/{rel}","templated":true}]}}