{"id":197312,"date":"2026-03-11T19:48:51","date_gmt":"2026-03-11T22:48:51","guid":{"rendered":"https:\/\/cdnoticias.com\/?p=197312"},"modified":"2026-03-11T19:48:53","modified_gmt":"2026-03-11T22:48:53","slug":"no-habra-cambios-en-la-vtv-en-la-provincia-de-buenos-aires","status":"publish","type":"post","link":"https:\/\/cdnoticias.com\/index.php\/2026\/03\/11\/no-habra-cambios-en-la-vtv-en-la-provincia-de-buenos-aires\/","title":{"rendered":"No habr\u00e1 cambios en la VTV en la Provincia de Buenos Aires\u00a0"},"content":{"rendered":"\n<p>La iniciativa que impulsa la gesti\u00f3n libertaria propone extender los plazos de revisi\u00f3n y habilitar m\u00e1s lugares para realizar el tr\u00e1mite. Rechazo del Gobierno de Axel Kicillof.<\/p>\n\n\n\n<hr class=\"wp-block-separator aligncenter has-alpha-channel-opacity\"\/>\n\n\n\n<p>Luego que <strong>el Gobierno nacional anunciara la reforma del sistema de Revisi\u00f3n T\u00e9cnica Obligatoria (RTO), conocida como VTV en muchas provincias<\/strong>, con cambios de plazos y flexibilizaci\u00f3n de lugares para hacerla,<strong> desde la administraci\u00f3n de Axel Kicillof dejaron en claro que en territorio bonaerense no habr\u00e1 modificaciones.<\/strong><\/p>\n\n\n\n<p><\/p>\n\n\n\n<blockquote class=\"wp-block-quote is-layout-flow wp-block-quote-is-layout-flow\">\n<p>La iniciativa que impulsa la gesti\u00f3n libertaria propone extender los plazos de revisi\u00f3n, habilitar m\u00e1s lugares para realizar el tr\u00e1mite y simplificar procesos administrativos vinculados a la Verificaci\u00f3n T\u00e9cnica Vehicular.<\/p>\n<\/blockquote>\n\n\n\n<p><\/p>\n\n\n\n<p>Uno de los cambios clave es <strong>pasar de dos a cinco a\u00f1os el control para veh\u00edculos cero kil\u00f3metro y revisiones bianuales para unidades de hasta diez a\u00f1os de antig\u00fcedad y los que excedan la d\u00e9cada de antig\u00fcedad cada un a\u00f1o.<\/strong> <\/p>\n\n\n\n<p><\/p>\n\n\n\n<p>Esa medida, seg\u00fan los detractores, <strong>carece de respaldo t\u00e9cnico y podr\u00eda incrementar los riesgos de seguridad vial. <\/strong>De hecho, fuentes del Gobierno provincial se\u00f1alaron a la <em>Agencia DIB<\/em> que no est\u00e1 en an\u00e1lisis avanzar con las modificaciones en el territorio. <\/p>\n\n\n\n<p><\/p>\n\n\n\n<blockquote class=\"wp-block-quote is-layout-flow wp-block-quote-is-layout-flow\">\n<p>\u201cEs muy necesaria la VTV como funciona en la actualidad. Necesitamos mantener los controles en medio de la desinversi\u00f3n que hace Naci\u00f3n en las rutas del pa\u00eds\u201d, indicaron desde Provincia. <\/p>\n<\/blockquote>\n\n\n\n<p><\/p>\n\n\n\n<p><strong>Los costos de la VTV<\/strong><\/p>\n\n\n\n<p>El objetivo, seg\u00fan explicaron desde el <strong>Ministerio de Desregulaci\u00f3n a cargo de Federico Stuzenegger<\/strong>, es <strong>simplificar el proceso, reducir costos para los conductores y ampliar la oferta de lugares donde realizar el control.<\/strong> <\/p>\n\n\n\n<p><\/p>\n\n\n\n<p>Para ello <strong>se busca habilitar talleres y concesionarias de cualquier jurisdicci\u00f3n,<\/strong> siempre y cuando tengan \u201c<strong>instalaciones aptas y equipamiento adecuado\u201d.<\/strong><\/p>\n\n\n\n<p><\/p>\n\n\n\n<blockquote class=\"wp-block-quote is-layout-flow wp-block-quote-is-layout-flow\">\n<p>Sin embargo, desde la Provincia indicaron que ser\u00eda un riesgo habilitar a cualquier taller a que pueda hacer los controles. De hecho, desde Transporte, a cargo de Mart\u00edn Marinucci, llevan dando de baja m\u00e1s de 450 sitios ilegales que de dedicaban a la entrega de obleas truchas.<\/p>\n<\/blockquote>\n\n\n\n<p><\/p>\n\n\n\n<p>Desde la cartera de Stuzenegger estiman que una flexibilizaci\u00f3n se traducir\u00eda en precios m\u00e1s bajos, adem\u00e1s de evitar largas distancias para acceder al servicio y demoras para conseguir turnos.<\/p>\n\n\n\n<p><\/p>\n\n\n\n<blockquote class=\"wp-block-quote is-layout-flow wp-block-quote-is-layout-flow\">\n<p>En provincia de Buenos Aires, realizar la VTV para autos cuesta $97.057 con IVA incluido. Para las motos, el control saldr\u00e1 $38.801,03; mientras que para veh\u00edculos pesados (m\u00e1s de 2.500 kg) $174.604,64. En tanto, remolques y acoplados livianos abonar\u00e1n $58.201,54 y los remolques y acoplados pesados un total de $87.302,33.<\/p>\n<\/blockquote>\n\n\n\n<p><\/p>\n\n\n\n<p>Cabe recordar que <strong>desde marzo, con el aumento de las multas de tr\u00e1nsito, circular sin VTV o con ella vencida puede costar entre $568.800 y $1.896.000.<\/strong><\/p>\n\n\n\n<p><\/p>\n\n\n\n<p><em>Fuente: Agencia DIB<\/em><\/p>\n\n\n\n<p><\/p>\n","protected":false},"excerpt":{"rendered":"<p>La iniciativa que impulsa la gesti\u00f3n libertaria propone extender los plazos de revisi\u00f3n y habilitar m\u00e1s lugares para realizar el<\/p>\n","protected":false},"author":6,"featured_media":188613,"comment_status":"closed","ping_status":"closed","sticky":false,"template":"","format":"standard","meta":{"_jetpack_memberships_contains_paid_content":false,"footnotes":""},"categories":[6,1],"tags":[],"class_list":["post-197312","post","type-post","status-publish","format-standard","has-post-thumbnail","hentry","category-nacionales","category-portada"],"jetpack_featured_media_url":"https:\/\/i0.wp.com\/cdnoticias.com\/wp-content\/uploads\/2025\/11\/VTV-olavarria-00.jpg?fit=1000%2C556&ssl=1","jetpack_sharing_enabled":true,"_links":{"self":[{"href":"https:\/\/cdnoticias.com\/index.php\/wp-json\/wp\/v2\/posts\/197312","targetHints":{"allow":["GET"]}}],"collection":[{"href":"https:\/\/cdnoticias.com\/index.php\/wp-json\/wp\/v2\/posts"}],"about":[{"href":"https:\/\/cdnoticias.com\/index.php\/wp-json\/wp\/v2\/types\/post"}],"author":[{"embeddable":true,"href":"https:\/\/cdnoticias.com\/index.php\/wp-json\/wp\/v2\/users\/6"}],"replies":[{"embeddable":true,"href":"https:\/\/cdnoticias.com\/index.php\/wp-json\/wp\/v2\/comments?post=197312"}],"version-history":[{"count":0,"href":"https:\/\/cdnoticias.com\/index.php\/wp-json\/wp\/v2\/posts\/197312\/revisions"}],"wp:featuredmedia":[{"embeddable":true,"href":"https:\/\/cdnoticias.com\/index.php\/wp-json\/wp\/v2\/media\/188613"}],"wp:attachment":[{"href":"https:\/\/cdnoticias.com\/index.php\/wp-json\/wp\/v2\/media?parent=197312"}],"wp:term":[{"taxonomy":"category","embeddable":true,"href":"https:\/\/cdnoticias.com\/index.php\/wp-json\/wp\/v2\/categories?post=197312"},{"taxonomy":"post_tag","embeddable":true,"href":"https:\/\/cdnoticias.com\/index.php\/wp-json\/wp\/v2\/tags?post=197312"}],"curies":[{"name":"wp","href":"https:\/\/api.w.org\/{rel}","templated":true}]}}