{"id":197309,"date":"2026-03-11T17:00:08","date_gmt":"2026-03-11T20:00:08","guid":{"rendered":"https:\/\/cdnoticias.com\/?p=197309"},"modified":"2026-03-11T17:00:10","modified_gmt":"2026-03-11T20:00:10","slug":"marzo-comenzo-con-nuevos-horarios-en-los-diferentes-espacios-municipales","status":"publish","type":"post","link":"https:\/\/cdnoticias.com\/index.php\/2026\/03\/11\/marzo-comenzo-con-nuevos-horarios-en-los-diferentes-espacios-municipales\/","title":{"rendered":"Marzo comenz\u00f3 con nuevos horarios en los diferentes espacios municipales"},"content":{"rendered":"\n<p>Los nuevos horarios se encuentran en vigencia a partir de esta semana.<\/p>\n\n\n\n<hr class=\"wp-block-separator aligncenter has-alpha-channel-opacity\"\/>\n\n\n\n<p>Desde la Subsecretar\u00eda de Cultura y Educaci\u00f3n y la Direcci\u00f3n de Patrimonio se dieron a conocer los <strong>nuevos horarios en los espacios culturales municipales<\/strong>, que cuentan con <strong>diferentes propuestas para todas las edades.<\/strong><\/p>\n\n\n\n<p><\/p>\n\n\n\n<p>Cabe aclarar que<strong> los nuevos horarios se encuentran en vigencia a partir de esta semana<\/strong>. A continuaci\u00f3n se detallan los horarios de apertura y cierre de cada uno de los espacios:<\/p>\n\n\n\n<p><\/p>\n\n\n\n<p><strong>Polo Educativo y Recreativo \u201cLa M\u00e1xima\u201d<\/strong><\/p>\n\n\n\n<p><strong>Museo de las Ciencias \u201cIng. Rita Toniutti\u201d<\/strong><\/p>\n\n\n\n<ul class=\"wp-block-list\">\n<li>Martes y mi\u00e9rcoles de 8 a 14 horas.<\/li>\n\n\n\n<li>Jueves y viernes de 8 a 15 horas.<\/li>\n\n\n\n<li>S\u00e1bados, domingos y feriados de 16 a 19 horas.<\/li>\n\n\n\n<li>Lunes: Cerrado al p\u00fablico.<\/li>\n<\/ul>\n\n\n\n<p><strong>Bioparque Municipal \u201cLa M\u00e1xima\u201d<\/strong><\/p>\n\n\n\n<ul class=\"wp-block-list\">\n<li>Martes a domingo: 8 a 18 horas.<\/li>\n\n\n\n<li>Reptilario: domingos de 14 a 17 horas; martes de 8 a 15 horas.<\/li>\n\n\n\n<li>Lunes: Cerrado al p\u00fablico.<\/li>\n<\/ul>\n\n\n\n<p><strong>CIIT (Centro Interdisciplinario de Innovaci\u00f3n Tecnol\u00f3gica)<\/strong><\/p>\n\n\n\n<ul class=\"wp-block-list\">\n<li>Lunes a viernes: 8 a 14 horas.<\/li>\n<\/ul>\n\n\n\n<p><strong>Museos Municipales<\/strong><\/p>\n\n\n\n<p><strong>Museo D\u00e1maso Arce<\/strong><\/p>\n\n\n\n<ul class=\"wp-block-list\">\n<li>Martes a viernes: 8 a 15 horas.<\/li>\n\n\n\n<li>S\u00e1bados y domingo: 16 a 19 horas.<\/li>\n\n\n\n<li>Lunes: Cerrado al p\u00fablico.<\/li>\n<\/ul>\n\n\n\n<p><strong>Museo Hermanos Emiliozzi<\/strong><\/p>\n\n\n\n<ul class=\"wp-block-list\">\n<li>Martes a viernes: 8 a 14 horas.<\/li>\n\n\n\n<li>S\u00e1bados y domingos: 16 a 19 horas.<\/li>\n\n\n\n<li>Lunes: Cerrado al p\u00fablico.<\/li>\n<\/ul>\n\n\n\n<p><strong>Museos de los Pueblos<\/strong><\/p>\n\n\n\n<ul class=\"wp-block-list\">\n<li>Mi\u00e9rcoles a viernes: 9 a 15 horas.<\/li>\n\n\n\n<li>S\u00e1bados y domingos: 16 a 19 horas.<\/li>\n<\/ul>\n\n\n\n<p><strong>IIAO Instituto de investigaciones antropol\u00f3gicas de Olavarr\u00eda<\/strong><\/p>\n\n\n\n<ul class=\"wp-block-list\">\n<li>Lunes a viernes de 8 a 13 horas.<\/li>\n<\/ul>\n\n\n\n<p><strong>Centro Cultural \u201cSan Jos\u00e9\u201d&nbsp;&nbsp;<\/strong><\/p>\n\n\n\n<ul class=\"wp-block-list\">\n<li>Martes a viernes: 8 a 18 horas.<\/li>\n\n\n\n<li>S\u00e1bado domingos y feriados: 16 a 19 horas.<\/li>\n\n\n\n<li>Lunes: Cerrado al p\u00fablico.<\/li>\n<\/ul>\n","protected":false},"excerpt":{"rendered":"<p>Los nuevos horarios se encuentran en vigencia a partir de esta semana. Desde la Subsecretar\u00eda de Cultura y Educaci\u00f3n y<\/p>\n","protected":false},"author":6,"featured_media":171647,"comment_status":"closed","ping_status":"closed","sticky":false,"template":"","format":"standard","meta":{"_jetpack_memberships_contains_paid_content":false,"footnotes":""},"categories":[9,1],"tags":[],"class_list":["post-197309","post","type-post","status-publish","format-standard","has-post-thumbnail","hentry","category-cultura","category-portada"],"jetpack_featured_media_url":"https:\/\/i0.wp.com\/cdnoticias.com\/wp-content\/uploads\/2025\/05\/salinas-museo-damaso-arce1.png?fit=878%2C497&ssl=1","jetpack_sharing_enabled":true,"_links":{"self":[{"href":"https:\/\/cdnoticias.com\/index.php\/wp-json\/wp\/v2\/posts\/197309","targetHints":{"allow":["GET"]}}],"collection":[{"href":"https:\/\/cdnoticias.com\/index.php\/wp-json\/wp\/v2\/posts"}],"about":[{"href":"https:\/\/cdnoticias.com\/index.php\/wp-json\/wp\/v2\/types\/post"}],"author":[{"embeddable":true,"href":"https:\/\/cdnoticias.com\/index.php\/wp-json\/wp\/v2\/users\/6"}],"replies":[{"embeddable":true,"href":"https:\/\/cdnoticias.com\/index.php\/wp-json\/wp\/v2\/comments?post=197309"}],"version-history":[{"count":0,"href":"https:\/\/cdnoticias.com\/index.php\/wp-json\/wp\/v2\/posts\/197309\/revisions"}],"wp:featuredmedia":[{"embeddable":true,"href":"https:\/\/cdnoticias.com\/index.php\/wp-json\/wp\/v2\/media\/171647"}],"wp:attachment":[{"href":"https:\/\/cdnoticias.com\/index.php\/wp-json\/wp\/v2\/media?parent=197309"}],"wp:term":[{"taxonomy":"category","embeddable":true,"href":"https:\/\/cdnoticias.com\/index.php\/wp-json\/wp\/v2\/categories?post=197309"},{"taxonomy":"post_tag","embeddable":true,"href":"https:\/\/cdnoticias.com\/index.php\/wp-json\/wp\/v2\/tags?post=197309"}],"curies":[{"name":"wp","href":"https:\/\/api.w.org\/{rel}","templated":true}]}}