{"id":197307,"date":"2026-03-13T09:55:57","date_gmt":"2026-03-13T12:55:57","guid":{"rendered":"https:\/\/cdnoticias.com\/?p=197307"},"modified":"2026-03-13T09:55:57","modified_gmt":"2026-03-13T12:55:57","slug":"actividades-deportivas-y-de-recreacion-en-la-ciudad-como-anotarse","status":"publish","type":"post","link":"https:\/\/cdnoticias.com\/index.php\/2026\/03\/13\/actividades-deportivas-y-de-recreacion-en-la-ciudad-como-anotarse\/","title":{"rendered":"Actividades deportivas y de recreaci\u00f3n en la ciudad: c\u00f3mo anotarse\u00a0"},"content":{"rendered":"\n<p>Entre las propuestas se encuentran acondicionamiento f\u00edsico, newcom, clases de gimnasia para personas adultas y para ni\u00f1os y ni\u00f1as, clases de yoga y m\u00e1s.\u00a0<\/p>\n\n\n\n<hr class=\"wp-block-separator aligncenter has-alpha-channel-opacity\"\/>\n\n\n\n<p>A trav\u00e9s de la <strong>Subsecretar\u00eda de Deportes, <\/strong>se inform\u00f3 que<strong> iniciaron su actividad los distintos programas recreativos y deportivos <\/strong>que <strong>se ofrecen en distintos espacios e instituciones del Partido.\u00a0<\/strong><\/p>\n\n\n\n<p><\/p>\n\n\n\n<blockquote class=\"wp-block-quote is-layout-flow wp-block-quote-is-layout-flow\">\n<p>Las personas interesadas en sumarse podr\u00e1n anotarse acerc\u00e1ndose a las distintas sedes y horarios que se detallan a continuaci\u00f3n. En el lugar ser\u00e1n asesorados por los profesoras\/as a cargo de cada propuesta.<\/p>\n<\/blockquote>\n\n\n\n<p><\/p>\n\n\n\n<p><em>&#8220;Las propuestas se brindan con el objetivo de seguir promoviendo la incorporaci\u00f3n de h\u00e1bitos saludables y a partir de la coordinaci\u00f3n con clubes, sociedades de fomento e instituciones intermedias de la ciudad y las localidades&#8221;<\/em> explicaron desde el \u00e1rea. <\/p>\n\n\n\n<p><\/p>\n\n\n\n<blockquote class=\"wp-block-quote is-layout-flow wp-block-quote-is-layout-flow\">\n<p>Se trata de clases abiertas a toda la comunidad, con actividades pensadas para distintas edades, que se detallan a continuaci\u00f3n. Vale destacar, por \u00faltimo, que en las pr\u00f3ximas semanas confirmar\u00e1n m\u00e1s actividades en diferentes espacios.<\/p>\n<\/blockquote>\n\n\n\n<p><\/p>\n\n\n\n<p><strong>Acondicionamiento f\u00edsico<\/strong><\/p>\n\n\n\n<p>Se trata de una propuesta pensada para <strong>personas adultas mayores, <\/strong>que incluye la realizaci\u00f3n de <strong>distintas rutinas de ejercicios y educaci\u00f3n f\u00edsica<\/strong>, que se brinda en los siguientes espacios y horarios.<\/p>\n\n\n\n<ul class=\"wp-block-list\">\n<li>Club El Provincial: martes y jueves, de 8:30 a 9:30 horas.<\/li>\n<\/ul>\n\n\n\n<ul class=\"wp-block-list\">\n<li>Centro de Jubilados San Vicente: lunes y mi\u00e9rcoles, de 10:30 a 11:30 horas.<\/li>\n<\/ul>\n\n\n\n<ul class=\"wp-block-list\">\n<li>Club Villa Floresta: martes y jueves, de 14:30 a 15:30 horas.<\/li>\n<\/ul>\n\n\n\n<p><\/p>\n\n\n\n<p><strong>Newcom<\/strong><\/p>\n\n\n\n<ul class=\"wp-block-list\">\n<li>CEF San Antonio: martes y jueves de 14:30 a 16:30 horas; viernes de 14 a 16 horas.<\/li>\n<\/ul>\n\n\n\n<ul class=\"wp-block-list\">\n<li>Club San Mart\u00edn Sierras Bayas: martes y jueves, de 13:30 a 15:00 horas.<\/li>\n<\/ul>\n\n\n\n<ul class=\"wp-block-list\">\n<li>Club Pueblo Nuevo: lunes, mi\u00e9rcoles y viernes, de 13:30 a 16:30 horas.<\/li>\n<\/ul>\n\n\n\n<p><\/p>\n\n\n\n<p><strong>Clases de Gimnasia para personas adultas<\/strong><\/p>\n\n\n\n<ul class=\"wp-block-list\">\n<li>Club de Pesca Loma Negra: lunes y mi\u00e9rcoles, de 14:30 a 16:30 horas.<\/li>\n<\/ul>\n\n\n\n<ul class=\"wp-block-list\">\n<li>Sociedad de Fomento F. Amoroso: lunes y mi\u00e9rcoles, de 15:30 a 16:30 horas.<\/li>\n<\/ul>\n\n\n\n<ul class=\"wp-block-list\">\n<li>Club \u00c1lvaro Barros: martes y jueves, de 9:15 a 10:15 horas.<\/li>\n<\/ul>\n\n\n\n<ul class=\"wp-block-list\">\n<li>Centro Jubilados Blas Messina (Sierras Bayas): lunes de 14:30 a 16:30 horas.<\/li>\n<\/ul>\n\n\n\n<ul class=\"wp-block-list\">\n<li>Uni\u00f3n del Sud: martes y jueves, de 9:45 a 10:45 horas.<\/li>\n<\/ul>\n\n\n\n<ul class=\"wp-block-list\">\n<li>Mariano Moreno: lunes y mi\u00e9rcoles, de 13:30 a 14:30 horas.<\/li>\n<\/ul>\n\n\n\n<ul class=\"wp-block-list\">\n<li>Servicio Municipal Territorial 1: lunes y mi\u00e9rcoles, de 14 a 15 horas.<\/li>\n<\/ul>\n\n\n\n<ul class=\"wp-block-list\">\n<li>Villa Floresta: lunes y mi\u00e9rcoles, de 13:30 a 14:30 horas.<\/li>\n<\/ul>\n\n\n\n<ul class=\"wp-block-list\">\n<li>Loma Negra: martes y jueves, de 14 a 15 horas.<\/li>\n<\/ul>\n\n\n\n<ul class=\"wp-block-list\">\n<li>Barrio AOMA: martes y jueves, de 15:15 a 16:15 horas.<\/li>\n<\/ul>\n\n\n\n<ul class=\"wp-block-list\">\n<li>Centro Cultural Sierras Bayas: martes y Jueves, de 14 a 15 horas.<\/li>\n<\/ul>\n\n\n\n<ul class=\"wp-block-list\">\n<li>Colonia San Miguel: martes, de 15:30 a 16:30 horas.<\/li>\n<\/ul>\n\n\n\n<p><\/p>\n\n\n\n<p><strong>Clases de gimnasia para ni\u00f1os\/as<\/strong><\/p>\n\n\n\n<ul class=\"wp-block-list\">\n<li>Mariano Moreno: lunes y mi\u00e9rcoles de 17:30 a 18:30 horas.<\/li>\n<\/ul>\n\n\n\n<p><\/p>\n\n\n\n<p><strong>Clases de Yoga<\/strong><\/p>\n\n\n\n<ul class=\"wp-block-list\">\n<li>Yoga joven: lunes de 19:00 a 20:30 horas, en el Club la Esperanza.<\/li>\n<\/ul>\n\n\n\n<ul class=\"wp-block-list\">\n<li>Yoga integral: lunes y mi\u00e9rcoles de 9 a 11 horas, en Club Pueblo Nuevo.<\/li>\n<\/ul>\n\n\n\n<ul class=\"wp-block-list\">\n<li>Yogaterapia en silla: martes y jueves de 15:30 a 17 horas, Club La Esperanza; lunes a las 17 horas, Centro de Jubilados San Cayetano.<\/li>\n<\/ul>\n\n\n\n<p><\/p>\n\n\n\n<p><strong>Deportes para personas con Discapacidad<\/strong><\/p>\n\n\n\n<ul class=\"wp-block-list\">\n<li>Educaci\u00f3n F\u00edsica en Mariano Moreno: martes y jueves, de 17:30 a 18:30 horas.<\/li>\n<\/ul>\n\n\n\n<ul class=\"wp-block-list\">\n<li>Escuela Municipal de Atletismo (Pista de Atletismo): martes de 14 a 15 horas..<\/li>\n<\/ul>\n\n\n\n<ul class=\"wp-block-list\">\n<li>Escuela Municipal de Futbol en el Club El Provincial: lunes, martes y mi\u00e9rcoles de 16:30 a 17:30 horas.<\/li>\n<\/ul>\n\n\n\n<ul class=\"wp-block-list\">\n<li>Nataci\u00f3n en Natatorio Club Ferro: lunes y mi\u00e9rcoles de 11 a 12 horas y s\u00e1bados de 11:15 a 12:15 horas.<\/li>\n<\/ul>\n\n\n\n<p><\/p>\n","protected":false},"excerpt":{"rendered":"<p>Entre las propuestas se encuentran acondicionamiento f\u00edsico, newcom, clases de gimnasia para personas adultas y para ni\u00f1os y ni\u00f1as, clases<\/p>\n","protected":false},"author":6,"featured_media":169194,"comment_status":"closed","ping_status":"closed","sticky":false,"template":"","format":"standard","meta":{"_jetpack_memberships_contains_paid_content":false,"footnotes":""},"categories":[9,29,1],"tags":[],"class_list":["post-197307","post","type-post","status-publish","format-standard","has-post-thumbnail","hentry","category-cultura","category-deportes","category-portada"],"jetpack_featured_media_url":"https:\/\/i0.wp.com\/cdnoticias.com\/wp-content\/uploads\/2025\/04\/yoga-centro-cultural.jpg?fit=900%2C569&ssl=1","jetpack_sharing_enabled":true,"_links":{"self":[{"href":"https:\/\/cdnoticias.com\/index.php\/wp-json\/wp\/v2\/posts\/197307","targetHints":{"allow":["GET"]}}],"collection":[{"href":"https:\/\/cdnoticias.com\/index.php\/wp-json\/wp\/v2\/posts"}],"about":[{"href":"https:\/\/cdnoticias.com\/index.php\/wp-json\/wp\/v2\/types\/post"}],"author":[{"embeddable":true,"href":"https:\/\/cdnoticias.com\/index.php\/wp-json\/wp\/v2\/users\/6"}],"replies":[{"embeddable":true,"href":"https:\/\/cdnoticias.com\/index.php\/wp-json\/wp\/v2\/comments?post=197307"}],"version-history":[{"count":0,"href":"https:\/\/cdnoticias.com\/index.php\/wp-json\/wp\/v2\/posts\/197307\/revisions"}],"wp:featuredmedia":[{"embeddable":true,"href":"https:\/\/cdnoticias.com\/index.php\/wp-json\/wp\/v2\/media\/169194"}],"wp:attachment":[{"href":"https:\/\/cdnoticias.com\/index.php\/wp-json\/wp\/v2\/media?parent=197307"}],"wp:term":[{"taxonomy":"category","embeddable":true,"href":"https:\/\/cdnoticias.com\/index.php\/wp-json\/wp\/v2\/categories?post=197307"},{"taxonomy":"post_tag","embeddable":true,"href":"https:\/\/cdnoticias.com\/index.php\/wp-json\/wp\/v2\/tags?post=197307"}],"curies":[{"name":"wp","href":"https:\/\/api.w.org\/{rel}","templated":true}]}}