{"id":197299,"date":"2026-03-11T18:54:42","date_gmt":"2026-03-11T21:54:42","guid":{"rendered":"https:\/\/cdnoticias.com\/?p=197299"},"modified":"2026-03-11T18:54:44","modified_gmt":"2026-03-11T21:54:44","slug":"sala-cabral-presenta-lo-material-se-paga-con-plata-y-el-amor-con-nada","status":"publish","type":"post","link":"https:\/\/cdnoticias.com\/index.php\/2026\/03\/11\/sala-cabral-presenta-lo-material-se-paga-con-plata-y-el-amor-con-nada\/","title":{"rendered":"Sala Cabral presenta \u201clo material se paga con plata y el amor con nada\u201d"},"content":{"rendered":"\n<p>Ser\u00e1 este s\u00e1bado 14 de marzo a las 21:30 horas. Entradas a la venta.&nbsp;<\/p>\n\n\n\n<hr class=\"wp-block-separator aligncenter has-alpha-channel-opacity\"\/>\n\n\n\n<p>Este <strong>s\u00e1bado 14 de marzo a las 21:30 horas<\/strong>, <strong>Sala Cabral abrir\u00e1 sus puertas para recibir una propuesta teatral ganadora del Provincial de teatro 2025<\/strong>. <\/p>\n\n\n\n<p><\/p>\n\n\n\n<blockquote class=\"wp-block-quote is-layout-flow wp-block-quote-is-layout-flow\">\n<p>Se trata de la obra  \u201clo material se paga con plata y el amor con nada\u201d, de Franco Mid\u00fa.&nbsp; La funci\u00f3n tendr\u00e1 lugar en su espacio de calle Sargento Cabral 3232.<\/p>\n<\/blockquote>\n\n\n\n<p><\/p>\n\n\n\n<p><strong>Sinopsis<\/strong>: \u201c<em>Una madre y su hijo. Un secreto no tan secreto. Un v\u00ednculo m\u00e1s all\u00e1 de la muerte. Algo que muchos nos llevamos a la tumba\u201d. La pieza aborda con humor y sensibilidad el v\u00ednculo entre una madre y su hijo, explorando secretos familiares y sentimientos que trascienden la vida\u201d<\/em>. <\/p>\n\n\n\n<p><\/p>\n\n\n\n<p>Esta producci\u00f3n ha tenido<strong> destacados reconocimientos en la escena regional. <\/strong>Fue la<strong> obra ganadora de las Fiestas Regionales de Teatro Independiente 2025<\/strong> y adem\u00e1s obtuvo el <strong>Premio a la dramaturgia<\/strong> y fue <strong>declarada de inter\u00e9s cultural municipal, en la ciudad de Saladillo en 2025.<\/strong><\/p>\n\n\n\n<p><\/p>\n\n\n\n<p>Por \u00faltimo, se indic\u00f3 que <strong>la sala brinda servicio de cantina y las entradas ya est\u00e1n a la venta, a un valor de $10.000. <\/strong>Se realiza reserva previa al WhatsApp: 2284-619066.<\/p>\n\n\n\n<p><\/p>\n","protected":false},"excerpt":{"rendered":"<p>Ser\u00e1 este s\u00e1bado 14 de marzo a las 21:30 horas. Entradas a la venta.&nbsp; Este s\u00e1bado 14 de marzo a<\/p>\n","protected":false},"author":6,"featured_media":179601,"comment_status":"closed","ping_status":"closed","sticky":false,"template":"","format":"standard","meta":{"_jetpack_memberships_contains_paid_content":false,"footnotes":""},"categories":[9,1],"tags":[],"class_list":["post-197299","post","type-post","status-publish","format-standard","has-post-thumbnail","hentry","category-cultura","category-portada"],"jetpack_featured_media_url":"https:\/\/i0.wp.com\/cdnoticias.com\/wp-content\/uploads\/2025\/08\/sala-cabral-teatro-asiseteje-02.png?fit=800%2C445&ssl=1","jetpack_sharing_enabled":true,"_links":{"self":[{"href":"https:\/\/cdnoticias.com\/index.php\/wp-json\/wp\/v2\/posts\/197299","targetHints":{"allow":["GET"]}}],"collection":[{"href":"https:\/\/cdnoticias.com\/index.php\/wp-json\/wp\/v2\/posts"}],"about":[{"href":"https:\/\/cdnoticias.com\/index.php\/wp-json\/wp\/v2\/types\/post"}],"author":[{"embeddable":true,"href":"https:\/\/cdnoticias.com\/index.php\/wp-json\/wp\/v2\/users\/6"}],"replies":[{"embeddable":true,"href":"https:\/\/cdnoticias.com\/index.php\/wp-json\/wp\/v2\/comments?post=197299"}],"version-history":[{"count":0,"href":"https:\/\/cdnoticias.com\/index.php\/wp-json\/wp\/v2\/posts\/197299\/revisions"}],"wp:featuredmedia":[{"embeddable":true,"href":"https:\/\/cdnoticias.com\/index.php\/wp-json\/wp\/v2\/media\/179601"}],"wp:attachment":[{"href":"https:\/\/cdnoticias.com\/index.php\/wp-json\/wp\/v2\/media?parent=197299"}],"wp:term":[{"taxonomy":"category","embeddable":true,"href":"https:\/\/cdnoticias.com\/index.php\/wp-json\/wp\/v2\/categories?post=197299"},{"taxonomy":"post_tag","embeddable":true,"href":"https:\/\/cdnoticias.com\/index.php\/wp-json\/wp\/v2\/tags?post=197299"}],"curies":[{"name":"wp","href":"https:\/\/api.w.org\/{rel}","templated":true}]}}