{"id":197276,"date":"2026-03-11T10:41:58","date_gmt":"2026-03-11T13:41:58","guid":{"rendered":"https:\/\/cdnoticias.com\/?p=197276"},"modified":"2026-03-11T10:42:00","modified_gmt":"2026-03-11T13:42:00","slug":"julian-roque-gonzalez-cacho-q-e-p-d","status":"publish","type":"post","link":"https:\/\/cdnoticias.com\/index.php\/2026\/03\/11\/julian-roque-gonzalez-cacho-q-e-p-d\/","title":{"rendered":"Juli\u00e1n Roque Gonz\u00e1lez \u201cCacho\u201d (Q.E.P.D.)"},"content":{"rendered":"\n<hr class=\"wp-block-separator has-alpha-channel-opacity\"\/>\n\n\n\n<p>Falleci\u00f3 en Olavarr\u00eda el 11 de marzo de 2026 a los 96 a\u00f1os. Sus hijos Rosana, Luis y Daniel Gonz\u00e1lez. Sus hijos pol\u00edticos Walter Manetti y Eugenia Schiapadini. Sus nietos Leandro, Giuliana y Giovanna; Nahuel, Enzo y Josefina; Joaqu\u00edn, Roc\u00edo y Juli\u00e1n. Sus colaboradoras Blanca, Ingrid, Luciana y Alejandra. Sus consuegros Walter y Eva y dem\u00e1s deudos participan su fallecimiento.<\/p>\n\n\n\n<p><\/p>\n\n\n\n<p>Sus restos ser\u00e1n velados este jueves 12 de marzo desde las 09:00 hasta las 12:00 horas en la Sala de Espa\u00f1a 2942 departamento \u201cD\u201d, previo responso en la Capilla Ardiente, y cremados en el Crematorio Pinos de Paz en d\u00eda y horario a confirmar. Servicio adherido a Coopelectric.<\/p>\n\n\n\n<p><\/p>\n\n\n\n<p>Nacido en Olavarr\u00eda, vecino de barrio Belgrano, zapatero jubilado.<\/p>\n","protected":false},"excerpt":{"rendered":"<p>Falleci\u00f3 en Olavarr\u00eda el 11 de marzo de 2026 a los 96 a\u00f1os. Sus hijos Rosana, Luis y Daniel Gonz\u00e1lez.<\/p>\n","protected":false},"author":5,"featured_media":100390,"comment_status":"closed","ping_status":"closed","sticky":false,"template":"","format":"standard","meta":{"_jetpack_memberships_contains_paid_content":false,"footnotes":""},"categories":[10],"tags":[],"class_list":["post-197276","post","type-post","status-publish","format-standard","has-post-thumbnail","hentry","category-necrologicas"],"jetpack_featured_media_url":"https:\/\/i0.wp.com\/cdnoticias.com\/wp-content\/uploads\/2023\/10\/necrologicas-390-x-240.jpg?fit=390%2C240&ssl=1","jetpack_sharing_enabled":true,"_links":{"self":[{"href":"https:\/\/cdnoticias.com\/index.php\/wp-json\/wp\/v2\/posts\/197276","targetHints":{"allow":["GET"]}}],"collection":[{"href":"https:\/\/cdnoticias.com\/index.php\/wp-json\/wp\/v2\/posts"}],"about":[{"href":"https:\/\/cdnoticias.com\/index.php\/wp-json\/wp\/v2\/types\/post"}],"author":[{"embeddable":true,"href":"https:\/\/cdnoticias.com\/index.php\/wp-json\/wp\/v2\/users\/5"}],"replies":[{"embeddable":true,"href":"https:\/\/cdnoticias.com\/index.php\/wp-json\/wp\/v2\/comments?post=197276"}],"version-history":[{"count":0,"href":"https:\/\/cdnoticias.com\/index.php\/wp-json\/wp\/v2\/posts\/197276\/revisions"}],"wp:featuredmedia":[{"embeddable":true,"href":"https:\/\/cdnoticias.com\/index.php\/wp-json\/wp\/v2\/media\/100390"}],"wp:attachment":[{"href":"https:\/\/cdnoticias.com\/index.php\/wp-json\/wp\/v2\/media?parent=197276"}],"wp:term":[{"taxonomy":"category","embeddable":true,"href":"https:\/\/cdnoticias.com\/index.php\/wp-json\/wp\/v2\/categories?post=197276"},{"taxonomy":"post_tag","embeddable":true,"href":"https:\/\/cdnoticias.com\/index.php\/wp-json\/wp\/v2\/tags?post=197276"}],"curies":[{"name":"wp","href":"https:\/\/api.w.org\/{rel}","templated":true}]}}