{"id":197271,"date":"2026-03-11T09:53:30","date_gmt":"2026-03-11T12:53:30","guid":{"rendered":"https:\/\/cdnoticias.com\/?p=197271"},"modified":"2026-03-11T13:00:41","modified_gmt":"2026-03-11T16:00:41","slug":"detenido-por-numerosos-delitos-de-violencia-de-genero","status":"publish","type":"post","link":"https:\/\/cdnoticias.com\/index.php\/2026\/03\/11\/detenido-por-numerosos-delitos-de-violencia-de-genero\/","title":{"rendered":"Detenido por numerosos delitos de violencia de g\u00e9nero"},"content":{"rendered":"<p>Fue arrestado en inmediaciones del barrio de la Escuela 6. Est\u00e1 imputado por lesiones, amenazas, violaci\u00f3n de domicilio y desobediencia.<!--more--><\/p>\n<hr \/>\n<p>\u00a0<\/p>\n\n\n<p>D\u00edas pasados personal del G.O. de la <strong>SubDDI Olavarr\u00eda<\/strong> concret\u00f3 la <strong>detenci\u00f3n de un hombre<\/strong> en inmediaciones del <strong>barrio de la Escuela 6<\/strong>, en el marco de una investigaci\u00f3n que incluy\u00f3 tareas encubiertas.<\/p>\n\n\n\n<p><\/p>\n\n\n\n<blockquote class=\"wp-block-quote is-layout-flow wp-block-quote-is-layout-flow\">\n<p>Sobre el acusado pesaba una orden de detenci\u00f3n al encontrarse imputado en una causa caratulada \u201clesiones leves doblemente agravadas por ser cometidas contra c\u00f3nyuge y mediando violencia de g\u00e9nero, amenazas agravadas por ser cometidas con el uso de arma impropia, violaci\u00f3n de domicilio y desobediencia -dos hechos- en contexto de violencia de g\u00e9nero y familiar\u201d.<\/p>\n<\/blockquote>\n\n\n\n<p><\/p>\n\n\n\n<p>Tras ser interceptado por el personal policial fue<strong> trasladado a la sede de la SubDDI Olavarr\u00eda<\/strong> para cumplimentar los recaudos legales correspondientes. Posteriormente fue<strong> derivado a la Unidad Penitenciaria N\u00ba 2 de Sierra Chica<\/strong>, donde qued\u00f3 alojado a disposici\u00f3n de la Justicia para la continuidad del proceso.<\/p>\n\n\n\n<p><\/p>\n\n\n\n<p>La orden de detenci\u00f3n fue librada por el<strong> Juzgado Correccional de Olavarr\u00eda, a cargo de la jueza Cecilia Desiata<\/strong>, a requerimiento de la <strong>UFI N\u00b0 05<\/strong> especializada en <strong>delitos de violencia familiar y de g\u00e9nero<\/strong>.<\/p>\n\n\n\n<p><\/p>\n","protected":false},"excerpt":{"rendered":"<p>Fue arrestado en inmediaciones del barrio de la Escuela 6. Est\u00e1 imputado por lesiones, amenazas, violaci\u00f3n de domicilio y desobediencia.<\/p>\n","protected":false},"author":4,"featured_media":197272,"comment_status":"closed","ping_status":"closed","sticky":false,"template":"","format":"standard","meta":{"_jetpack_memberships_contains_paid_content":false,"footnotes":""},"categories":[14,1],"tags":[],"class_list":["post-197271","post","type-post","status-publish","format-standard","has-post-thumbnail","hentry","category-policiales","category-portada"],"jetpack_featured_media_url":"https:\/\/i0.wp.com\/cdnoticias.com\/wp-content\/uploads\/2026\/03\/detenido-violencia-de-genero-escuela-6-a.jpg?fit=1000%2C556&ssl=1","jetpack_sharing_enabled":true,"_links":{"self":[{"href":"https:\/\/cdnoticias.com\/index.php\/wp-json\/wp\/v2\/posts\/197271","targetHints":{"allow":["GET"]}}],"collection":[{"href":"https:\/\/cdnoticias.com\/index.php\/wp-json\/wp\/v2\/posts"}],"about":[{"href":"https:\/\/cdnoticias.com\/index.php\/wp-json\/wp\/v2\/types\/post"}],"author":[{"embeddable":true,"href":"https:\/\/cdnoticias.com\/index.php\/wp-json\/wp\/v2\/users\/4"}],"replies":[{"embeddable":true,"href":"https:\/\/cdnoticias.com\/index.php\/wp-json\/wp\/v2\/comments?post=197271"}],"version-history":[{"count":0,"href":"https:\/\/cdnoticias.com\/index.php\/wp-json\/wp\/v2\/posts\/197271\/revisions"}],"wp:featuredmedia":[{"embeddable":true,"href":"https:\/\/cdnoticias.com\/index.php\/wp-json\/wp\/v2\/media\/197272"}],"wp:attachment":[{"href":"https:\/\/cdnoticias.com\/index.php\/wp-json\/wp\/v2\/media?parent=197271"}],"wp:term":[{"taxonomy":"category","embeddable":true,"href":"https:\/\/cdnoticias.com\/index.php\/wp-json\/wp\/v2\/categories?post=197271"},{"taxonomy":"post_tag","embeddable":true,"href":"https:\/\/cdnoticias.com\/index.php\/wp-json\/wp\/v2\/tags?post=197271"}],"curies":[{"name":"wp","href":"https:\/\/api.w.org\/{rel}","templated":true}]}}