{"id":197269,"date":"2026-03-11T09:06:26","date_gmt":"2026-03-11T12:06:26","guid":{"rendered":"https:\/\/cdnoticias.com\/?p=197269"},"modified":"2026-03-11T13:00:33","modified_gmt":"2026-03-11T16:00:33","slug":"este-miercoles-audiencia-publica-por-la-suba-tarifaria-de-agua-y-cloacas","status":"publish","type":"post","link":"https:\/\/cdnoticias.com\/index.php\/2026\/03\/11\/este-miercoles-audiencia-publica-por-la-suba-tarifaria-de-agua-y-cloacas\/","title":{"rendered":"Este mi\u00e9rcoles, audiencia p\u00fablica por la suba tarifaria de agua y cloacas"},"content":{"rendered":"<p>A partir de las 19 en el CEMO expondr\u00e1n los representantes de Coopelectric y los oradores anotados. Se espera una decena de intervenciones.<!--more--><\/p>\n<hr \/>\n<p>\u00a0<\/p>\n\n\n<p>Este mi\u00e9rcoles se realizar\u00e1 una <strong>audiencia p\u00fablica por la suba tarifaria<\/strong> de los servicios de <strong>obras sanitarias.<\/strong><\/p>\n\n\n\n<p><\/p>\n\n\n\n<p>La convocatoria fue realizada a partir de <strong>una solicitud de Coopelectric<\/strong> de aumentar las <strong>tarifas de agua y cloacas<\/strong>.<\/p>\n\n\n\n<p><\/p>\n\n\n\n<blockquote class=\"wp-block-quote is-layout-flow wp-block-quote-is-layout-flow\">\n<p>Desde las 19 horas en el CEMO se espera la intervenci\u00f3n de representantes de la cooperativa y de los oradores anotados. Se espera una decena de intervenciones.<\/p>\n<\/blockquote>\n\n\n\n<p><\/p>\n\n\n\n<p>La audiencia estar\u00e1 <strong>presidida por el secretario de Obras y Servicios P\u00fablicos municipal, Orfel Fari\u00f1a<\/strong>, y estar\u00e1n adem\u00e1s <strong>concejales<\/strong> ya que es el \u00f3rgano que debe definir sobre la solicitud de la cooperativa.<\/p>\n\n\n\n<p><\/p>\n\n\n\n<p>Estar\u00e1 en an\u00e1lisis el <strong>pedido presentado por Coopelectric en febrero de 2025 para aumentar 107%<\/strong> la <a href=\"https:\/\/cdnoticias.com\/index.php\/2025\/02\/11\/coopelectric-pedira-otra-suba-de-tarifa-de-obras-sanitarias\/\" target=\"_blank\" rel=\"noreferrer noopener\">tarifa de obras sanitarias<\/a>. Esa solicitud fue ratificada<strong> a fin de 2025 con una segunda presentaci\u00f3n al HCD<\/strong> y durante la audiencia <strong>Coopelectric podr\u00eda plantear otro porcentaje de incremento.<\/strong><\/p>\n\n\n\n<p><\/p>\n\n\n\n<p>La convocatoria a la audiencia se conoci\u00f3 despu\u00e9s de que <a href=\"https:\/\/cdnoticias.com\/index.php\/2025\/12\/29\/coopelectric-el-consejo-de-administracion-tomo-la-decision-de-no-prestar-mas-el-servicio-de-obras-sanitarias\/\" target=\"_blank\" rel=\"noreferrer noopener\">Coopelectric hubiera expresado <\/a>su<strong> intenci\u00f3n de dejar la concesi\u00f3n del servicio<\/strong>, a la que le restan a\u00fan dos a\u00f1os, medida que el Ejecutivo local rechaz\u00f3.<\/p>\n\n\n\n<p><\/p>\n","protected":false},"excerpt":{"rendered":"<p>A partir de las 19 en el CEMO expondr\u00e1n los representantes de Coopelectric y los oradores anotados. Se espera una<\/p>\n","protected":false},"author":4,"featured_media":83306,"comment_status":"closed","ping_status":"closed","sticky":false,"template":"","format":"standard","meta":{"_jetpack_memberships_contains_paid_content":false,"footnotes":""},"categories":[5,1],"tags":[],"class_list":["post-197269","post","type-post","status-publish","format-standard","has-post-thumbnail","hentry","category-informacion-general","category-portada"],"jetpack_featured_media_url":"https:\/\/i0.wp.com\/cdnoticias.com\/wp-content\/uploads\/2023\/04\/obras-sanitarias-coopelectric-02.jpg?fit=800%2C445&ssl=1","jetpack_sharing_enabled":true,"_links":{"self":[{"href":"https:\/\/cdnoticias.com\/index.php\/wp-json\/wp\/v2\/posts\/197269","targetHints":{"allow":["GET"]}}],"collection":[{"href":"https:\/\/cdnoticias.com\/index.php\/wp-json\/wp\/v2\/posts"}],"about":[{"href":"https:\/\/cdnoticias.com\/index.php\/wp-json\/wp\/v2\/types\/post"}],"author":[{"embeddable":true,"href":"https:\/\/cdnoticias.com\/index.php\/wp-json\/wp\/v2\/users\/4"}],"replies":[{"embeddable":true,"href":"https:\/\/cdnoticias.com\/index.php\/wp-json\/wp\/v2\/comments?post=197269"}],"version-history":[{"count":0,"href":"https:\/\/cdnoticias.com\/index.php\/wp-json\/wp\/v2\/posts\/197269\/revisions"}],"wp:featuredmedia":[{"embeddable":true,"href":"https:\/\/cdnoticias.com\/index.php\/wp-json\/wp\/v2\/media\/83306"}],"wp:attachment":[{"href":"https:\/\/cdnoticias.com\/index.php\/wp-json\/wp\/v2\/media?parent=197269"}],"wp:term":[{"taxonomy":"category","embeddable":true,"href":"https:\/\/cdnoticias.com\/index.php\/wp-json\/wp\/v2\/categories?post=197269"},{"taxonomy":"post_tag","embeddable":true,"href":"https:\/\/cdnoticias.com\/index.php\/wp-json\/wp\/v2\/tags?post=197269"}],"curies":[{"name":"wp","href":"https:\/\/api.w.org\/{rel}","templated":true}]}}