{"id":197260,"date":"2026-03-10T20:25:51","date_gmt":"2026-03-10T23:25:51","guid":{"rendered":"https:\/\/cdnoticias.com\/?p=197260"},"modified":"2026-03-11T08:10:31","modified_gmt":"2026-03-11T11:10:31","slug":"tres-allanamientos-y-un-aprehendido-en-el-hallazgo-de-marihuana-y-cocaina-en-barrio-coronel-dorrego","status":"publish","type":"post","link":"https:\/\/cdnoticias.com\/index.php\/2026\/03\/10\/tres-allanamientos-y-un-aprehendido-en-el-hallazgo-de-marihuana-y-cocaina-en-barrio-coronel-dorrego\/","title":{"rendered":"Tres allanamientos y un aprehendido en el hallazgo de marihuana y coca\u00edna en barrio Coronel Dorrego"},"content":{"rendered":"\n<p>Fue tras una investigaci\u00f3n de la UFI 19, el \u00e1rea de Tr\u00e1fico de Drogas y con acompa\u00f1amiento del GAD. Adem\u00e1s secuestraron tel\u00e9fonos y una importante suma de dinero.<\/p>\n\n\n\n<hr class=\"wp-block-separator aligncenter has-alpha-channel-opacity\"\/>\n\n\n\n<p>Tres allanamientos realizados en el <strong>barrio Coronel Dorrego<\/strong> de Olavarr\u00eda permitieron el <strong>secuestro de drogas y la aprehensi\u00f3n de un hombre mayor de edad en el marco de una investigaci\u00f3n por comercializaci\u00f3n de estupefacientes.<\/strong><\/p>\n\n\n\n<p>Los procedimientos se llevaron a cabo a primeras horas del \u00faltimo lunes y estuvieron a cargo de personal de la Subdelegaci\u00f3n Departamental de Investigaciones del Tr\u00e1fico de Drogas Il\u00edcitas de Olavarr\u00eda, con el apoyo de efectivos del Grupo de Apoyo Departamental (GAD) e Infanter\u00eda. <strong>Los operativos se realizaron en dos viviendas ubicadas en la zona de Juan Montesano al 3200 y en otro domicilio situado en General Paz al 850.<\/strong><\/p>\n\n\n\n<figure class=\"wp-block-image size-full\"><img data-recalc-dims=\"1\" loading=\"lazy\" decoding=\"async\" width=\"800\" height=\"444\" src=\"https:\/\/i0.wp.com\/cdnoticias.com\/wp-content\/uploads\/2026\/03\/allana-dorrego.jpg?resize=800%2C444&#038;ssl=1\" alt=\"\" class=\"wp-image-197262\" srcset=\"https:\/\/i0.wp.com\/cdnoticias.com\/wp-content\/uploads\/2026\/03\/allana-dorrego.jpg?w=900&amp;ssl=1 900w, https:\/\/i0.wp.com\/cdnoticias.com\/wp-content\/uploads\/2026\/03\/allana-dorrego.jpg?resize=300%2C167&amp;ssl=1 300w, https:\/\/i0.wp.com\/cdnoticias.com\/wp-content\/uploads\/2026\/03\/allana-dorrego.jpg?resize=768%2C427&amp;ssl=1 768w, https:\/\/i0.wp.com\/cdnoticias.com\/wp-content\/uploads\/2026\/03\/allana-dorrego.jpg?resize=800%2C445&amp;ssl=1 800w\" sizes=\"auto, (max-width: 800px) 100vw, 800px\" \/><\/figure>\n\n\n\n<p>Las medidas se concretaron alrededor de las 7:15 con intervenci\u00f3n de la UFI N\u00ba 19 (Unidad Fiscal de Investigaci\u00f3n), a cargo del fiscal Christian Urlezaga.<\/p>\n\n\n\n<p><strong>Las \u00f3rdenes de allanamiento hab\u00edan sido solicitadas tras una investigaci\u00f3n iniciada en los primeros d\u00edas de enero y fueron otorgadas por el Juzgado de Garant\u00edas N\u00ba 2 de Olavarr\u00eda, a cargo del juez Carlos Villamar\u00edn.<\/strong><\/p>\n\n\n\n<p>Durante los registros se logr\u00f3 el secuestro de distintos elementos de inter\u00e9s para la causa,<strong> entre ellos coca\u00edna fraccionada y preparada para su comercializaci\u00f3n, marihuana, tel\u00e9fonos celulares y una suma de dinero en efectivo superior a los dos millones de pesos.<\/strong><\/p>\n\n\n\n<figure class=\"wp-block-image size-full\"><img data-recalc-dims=\"1\" loading=\"lazy\" decoding=\"async\" width=\"800\" height=\"441\" src=\"https:\/\/i0.wp.com\/cdnoticias.com\/wp-content\/uploads\/2026\/03\/allana-dorrego1.jpg?resize=800%2C441&#038;ssl=1\" alt=\"\" class=\"wp-image-197261\" srcset=\"https:\/\/i0.wp.com\/cdnoticias.com\/wp-content\/uploads\/2026\/03\/allana-dorrego1.jpg?w=892&amp;ssl=1 892w, https:\/\/i0.wp.com\/cdnoticias.com\/wp-content\/uploads\/2026\/03\/allana-dorrego1.jpg?resize=300%2C165&amp;ssl=1 300w, https:\/\/i0.wp.com\/cdnoticias.com\/wp-content\/uploads\/2026\/03\/allana-dorrego1.jpg?resize=768%2C424&amp;ssl=1 768w\" sizes=\"auto, (max-width: 800px) 100vw, 800px\" \/><\/figure>\n\n\n\n<p>A partir de los resultados obtenidos, desde la UFI N\u00ba 19 se dispuso la <strong>aprehensi\u00f3n de un hombre mayor de edad, quien fue trasladado a la sede judicial para prestar declaraci\u00f3n indagatoria. Tras ello se solicit\u00f3 su detenci\u00f3n<\/strong> y permanece alojado en la Comisar\u00eda Segunda de Olavarr\u00eda a la espera de cupo en una unidad del Servicio Penitenciario Bonaerense.<\/p>\n","protected":false},"excerpt":{"rendered":"<p>Fue tras una investigaci\u00f3n de la UFI 19, el \u00e1rea de Tr\u00e1fico de Drogas y con acompa\u00f1amiento del GAD. Adem\u00e1s<\/p>\n","protected":false},"author":2,"featured_media":197263,"comment_status":"closed","ping_status":"closed","sticky":false,"template":"","format":"standard","meta":{"_jetpack_memberships_contains_paid_content":false,"footnotes":""},"categories":[14,1],"tags":[],"class_list":["post-197260","post","type-post","status-publish","format-standard","has-post-thumbnail","hentry","category-policiales","category-portada"],"jetpack_featured_media_url":"https:\/\/i0.wp.com\/cdnoticias.com\/wp-content\/uploads\/2026\/03\/WhatsApp-Image-2026-03-10-at-20.06.28-3.jpeg?fit=1600%2C738&ssl=1","jetpack_sharing_enabled":true,"_links":{"self":[{"href":"https:\/\/cdnoticias.com\/index.php\/wp-json\/wp\/v2\/posts\/197260","targetHints":{"allow":["GET"]}}],"collection":[{"href":"https:\/\/cdnoticias.com\/index.php\/wp-json\/wp\/v2\/posts"}],"about":[{"href":"https:\/\/cdnoticias.com\/index.php\/wp-json\/wp\/v2\/types\/post"}],"author":[{"embeddable":true,"href":"https:\/\/cdnoticias.com\/index.php\/wp-json\/wp\/v2\/users\/2"}],"replies":[{"embeddable":true,"href":"https:\/\/cdnoticias.com\/index.php\/wp-json\/wp\/v2\/comments?post=197260"}],"version-history":[{"count":0,"href":"https:\/\/cdnoticias.com\/index.php\/wp-json\/wp\/v2\/posts\/197260\/revisions"}],"wp:featuredmedia":[{"embeddable":true,"href":"https:\/\/cdnoticias.com\/index.php\/wp-json\/wp\/v2\/media\/197263"}],"wp:attachment":[{"href":"https:\/\/cdnoticias.com\/index.php\/wp-json\/wp\/v2\/media?parent=197260"}],"wp:term":[{"taxonomy":"category","embeddable":true,"href":"https:\/\/cdnoticias.com\/index.php\/wp-json\/wp\/v2\/categories?post=197260"},{"taxonomy":"post_tag","embeddable":true,"href":"https:\/\/cdnoticias.com\/index.php\/wp-json\/wp\/v2\/tags?post=197260"}],"curies":[{"name":"wp","href":"https:\/\/api.w.org\/{rel}","templated":true}]}}