{"id":197254,"date":"2026-03-10T19:38:11","date_gmt":"2026-03-10T22:38:11","guid":{"rendered":"https:\/\/cdnoticias.com\/?p=197254"},"modified":"2026-03-10T20:28:43","modified_gmt":"2026-03-10T23:28:43","slug":"la-calle-rivadavia-sera-peatonal-en-una-jornada-comercial-y-cultural-en-el-centro-de-olavarria","status":"publish","type":"post","link":"https:\/\/cdnoticias.com\/index.php\/2026\/03\/10\/la-calle-rivadavia-sera-peatonal-en-una-jornada-comercial-y-cultural-en-el-centro-de-olavarria\/","title":{"rendered":"La calle Rivadavia ser\u00e1 peatonal en una jornada comercial y cultural en el centro de Olavarr\u00eda"},"content":{"rendered":"\n<p>Comerciantes del sector y el Municipio impulsan una propuesta con promociones, actividades y espect\u00e1culos en vivo que se realizar\u00e1 el s\u00e1bado entre las 18 y las 23 horas.<\/p>\n\n\n\n<hr class=\"wp-block-separator aligncenter has-alpha-channel-opacity\"\/>\n\n\n\n<p>El Municipio de Olavarr\u00eda anunci\u00f3 que el pr\u00f3ximo s\u00e1bado se desarrollar\u00e1 <strong>una propuesta especial en pleno centro de la ciudad, con la calle Rivadavia como punto de encuentro para una jornada que combinar\u00e1 actividad comercial, recreaci\u00f3n y espect\u00e1culos culturales. La iniciativa se llevar\u00e1 adelante durante la tarde y noche, entre las 18 y las 23 horas, en el tramo comprendido entre Coronel Su\u00e1rez y General Paz.<\/strong><\/p>\n\n\n\n<p>La actividad surge de un <strong>trabajo conjunto entre comerciantes de la zona y el acompa\u00f1amiento del Municipio<\/strong>, a trav\u00e9s de la Secretar\u00eda de Desarrollo Econ\u00f3mico y Productivo y la Subsecretar\u00eda de Cultura y Educaci\u00f3n. La propuesta busca ofrecer a la comunidad un espacio de encuentro que combine ofertas comerciales con distintas expresiones art\u00edsticas.<\/p>\n\n\n\n<p>D\u00edas atr\u00e1s se realiz\u00f3 una reuni\u00f3n de organizaci\u00f3n en el Sal\u00f3n Blanco del Palacio Municipal, encabezada por el secretario de Desarrollo Econ\u00f3mico y Productivo, Pablo Di Uono, y la subsecretaria de Cultura y Educaci\u00f3n, Sof\u00eda Ar\u00e9valo. Del encuentro tambi\u00e9n participaron el subsecretario de Empresas e Inversiones, Bernardo Baldino, junto a funcionarios de distintas \u00e1reas municipales.<\/p>\n\n\n\n<p>En la convocatoria estuvieron presentes <strong>representantes de distintos comercios del sector, entre ellos Xica, Kiosco Sweetland, Lirio Moda Urbana, Tu Bazar de Lorena Bocca, Colab Cowork, El Altillo, App Abril A Tus Pies, Graciel, Gales Regaler\u00eda, Artedanzas Valeria Potes, Hauswagen, Naon Kids y Sol Calzados.<\/strong><\/p>\n\n\n\n<p>Los comerciantes plantearon la realizaci\u00f3n de esta actividad que, <strong>adem\u00e1s de celebrar aniversarios de algunas de las firmas, busca generar un espacio atractivo para la comunidad, con propuestas de recreaci\u00f3n y oportunidades de compra.<\/strong><\/p>\n\n\n\n<p>A partir de la articulaci\u00f3n con la Subsecretar\u00eda de Cultura y Educaci\u00f3n, durante la jornada se presentar\u00e1n distintos espect\u00e1culos art\u00edsticos y culturales en vivo. A su vez, los comercios participantes anticiparon que ofrecer\u00e1n promociones especiales a quienes recorran el sector durante el evento.<\/p>\n\n\n\n<p>Desde la Secretar\u00eda de Desarrollo Econ\u00f3mico y Productivo destacaron la relevancia de este tipo de iniciativas, que <strong>surgen del trabajo conjunto entre el sector p\u00fablico y el privado y que contribuyen a impulsar la actividad comercial local. En ese sentido, se\u00f1alaron que estas propuestas tambi\u00e9n permiten dar mayor visibilidad al sector en un contexto marcado por la ca\u00edda del consumo.<\/strong><\/p>\n","protected":false},"excerpt":{"rendered":"<p>Comerciantes del sector y el Municipio impulsan una propuesta con promociones, actividades y espect\u00e1culos en vivo que se realizar\u00e1 el<\/p>\n","protected":false},"author":2,"featured_media":197256,"comment_status":"closed","ping_status":"closed","sticky":false,"template":"","format":"standard","meta":{"_jetpack_memberships_contains_paid_content":false,"footnotes":""},"categories":[5,1],"tags":[],"class_list":["post-197254","post","type-post","status-publish","format-standard","has-post-thumbnail","hentry","category-informacion-general","category-portada"],"jetpack_featured_media_url":"https:\/\/i0.wp.com\/cdnoticias.com\/wp-content\/uploads\/2026\/03\/Reunion-Desarrollo-Cultura-Comercios-1-scaled-1.jpg?fit=2560%2C1707&ssl=1","jetpack_sharing_enabled":true,"_links":{"self":[{"href":"https:\/\/cdnoticias.com\/index.php\/wp-json\/wp\/v2\/posts\/197254","targetHints":{"allow":["GET"]}}],"collection":[{"href":"https:\/\/cdnoticias.com\/index.php\/wp-json\/wp\/v2\/posts"}],"about":[{"href":"https:\/\/cdnoticias.com\/index.php\/wp-json\/wp\/v2\/types\/post"}],"author":[{"embeddable":true,"href":"https:\/\/cdnoticias.com\/index.php\/wp-json\/wp\/v2\/users\/2"}],"replies":[{"embeddable":true,"href":"https:\/\/cdnoticias.com\/index.php\/wp-json\/wp\/v2\/comments?post=197254"}],"version-history":[{"count":0,"href":"https:\/\/cdnoticias.com\/index.php\/wp-json\/wp\/v2\/posts\/197254\/revisions"}],"wp:featuredmedia":[{"embeddable":true,"href":"https:\/\/cdnoticias.com\/index.php\/wp-json\/wp\/v2\/media\/197256"}],"wp:attachment":[{"href":"https:\/\/cdnoticias.com\/index.php\/wp-json\/wp\/v2\/media?parent=197254"}],"wp:term":[{"taxonomy":"category","embeddable":true,"href":"https:\/\/cdnoticias.com\/index.php\/wp-json\/wp\/v2\/categories?post=197254"},{"taxonomy":"post_tag","embeddable":true,"href":"https:\/\/cdnoticias.com\/index.php\/wp-json\/wp\/v2\/tags?post=197254"}],"curies":[{"name":"wp","href":"https:\/\/api.w.org\/{rel}","templated":true}]}}