{"id":197250,"date":"2026-03-10T19:00:28","date_gmt":"2026-03-10T22:00:28","guid":{"rendered":"https:\/\/cdnoticias.com\/?p=197250"},"modified":"2026-03-10T19:00:30","modified_gmt":"2026-03-10T22:00:30","slug":"actos-publicos-para-designar-auxiliares-se-realizaran-este-miercoles-en-el-consejo-escolar","status":"publish","type":"post","link":"https:\/\/cdnoticias.com\/index.php\/2026\/03\/10\/actos-publicos-para-designar-auxiliares-se-realizaran-este-miercoles-en-el-consejo-escolar\/","title":{"rendered":"Actos p\u00fablicos para designar auxiliares se realizar\u00e1n este mi\u00e9rcoles en el Consejo Escolar"},"content":{"rendered":"\n<p>Habr\u00e1 una instancia presencial y otra virtual destinadas a personal auxiliar reemplazante del listado 2026. Se cubrir\u00e1n cargos de porter\u00eda y ayudante de cocina en distintos establecimientos.<\/p>\n\n\n\n<hr class=\"wp-block-separator aligncenter has-alpha-channel-opacity\"\/>\n\n\n\n<p>El <strong>Consejo Escolar inform\u00f3 que el mi\u00e9rcoles 11 de marzo de 2026 se llevar\u00e1n a cabo actos p\u00fablicos para la designaci\u00f3n de personal auxiliar <\/strong>reemplazante correspondiente al listado 2026.<\/p>\n\n\n\n<p>En primer lugar, <strong>a las 8.30 horas se realizar\u00e1 un acto p\u00fablico presencial en las instalaciones del Consejo Escolar.<\/strong> En esta instancia se designar\u00e1n cargos en distintos establecimientos educativos y s\u00f3lo podr\u00e1n ser designadas aquellas personas que no cuenten con un reemplazo activo al momento de tomar el nuevo cargo.<\/p>\n\n\n\n<p>Los cargos a cubrir son los siguientes:<\/p>\n\n\n\n<ul class=\"wp-block-list\">\n<li><strong>Establecimiento:<\/strong> Estab. Artes Visuales<br><strong>Domicilio:<\/strong> Agraria<br><strong>Cargo:<\/strong> Portera\/o<br><strong>Horario:<\/strong> 13.00 a 19.00 hs<br><strong>Hasta:<\/strong> 09\/05\/2026<\/li>\n<\/ul>\n\n\n\n<p><\/p>\n\n\n\n<ul class=\"wp-block-list\">\n<li><strong>Establecimiento:<\/strong> MS N\u00b014<br><strong>Domicilio:<\/strong> Piedras y Del Valle<br><strong>Cargo:<\/strong> Ayudante de cocina<br><strong>Horario:<\/strong> 07.15 a 13.15 hs<br><strong>Hasta:<\/strong> 16\/03\/2026<\/li>\n<\/ul>\n\n\n\n<p><\/p>\n\n\n\n<ul class=\"wp-block-list\">\n<li><strong>Establecimiento:<\/strong> PP N\u00b053<br><strong>Domicilio:<\/strong> Ayacucho y Roque S\u00e1enz Pe\u00f1a<br><strong>Cargo:<\/strong> Portero\/a<br><strong>Horario:<\/strong> 12.00 a 18.00 hs<br><strong>Hasta:<\/strong> 23\/05\/2026<\/li>\n<\/ul>\n\n\n\n<p>Por otra parte<strong>, a las 9.30 horas se desarrollar\u00e1 un acto p\u00fablico virtual a trav\u00e9s de la plataforma Google Meet<\/strong> para la designaci\u00f3n de personal auxiliar reemplazante del listado 2026.<\/p>\n\n\n\n<p>El encuentro se realizar\u00e1 mediante el siguiente enlace: <a href=\"https:\/\/meet.google.com\/tjz-uwur-ydj\">https:\/\/meet.google.com\/tjz-uwur-ydj<\/a><\/p>\n\n\n\n<p>En esta instancia se cubrir\u00e1 el siguiente cargo:<\/p>\n\n\n\n<ul class=\"wp-block-list\">\n<li><strong>Establecimiento:<\/strong> MS N\u00b03<br><strong>Domicilio:<\/strong> Loma Negra<br><strong>Cargo:<\/strong> Ayudante de cocina<br><strong>Horario:<\/strong> 07.30 a 13.30 hs<br><strong>Hasta:<\/strong> 18\/03\/2026<\/li>\n<\/ul>\n\n\n\n<p><\/p>\n","protected":false},"excerpt":{"rendered":"<p>Habr\u00e1 una instancia presencial y otra virtual destinadas a personal auxiliar reemplazante del listado 2026. Se cubrir\u00e1n cargos de porter\u00eda<\/p>\n","protected":false},"author":2,"featured_media":113129,"comment_status":"closed","ping_status":"closed","sticky":false,"template":"","format":"standard","meta":{"_jetpack_memberships_contains_paid_content":false,"footnotes":""},"categories":[5],"tags":[],"class_list":["post-197250","post","type-post","status-publish","format-standard","has-post-thumbnail","hentry","category-informacion-general"],"jetpack_featured_media_url":"https:\/\/i0.wp.com\/cdnoticias.com\/wp-content\/uploads\/2024\/04\/consejo-escolar.jpg?fit=1029%2C656&ssl=1","jetpack_sharing_enabled":true,"_links":{"self":[{"href":"https:\/\/cdnoticias.com\/index.php\/wp-json\/wp\/v2\/posts\/197250","targetHints":{"allow":["GET"]}}],"collection":[{"href":"https:\/\/cdnoticias.com\/index.php\/wp-json\/wp\/v2\/posts"}],"about":[{"href":"https:\/\/cdnoticias.com\/index.php\/wp-json\/wp\/v2\/types\/post"}],"author":[{"embeddable":true,"href":"https:\/\/cdnoticias.com\/index.php\/wp-json\/wp\/v2\/users\/2"}],"replies":[{"embeddable":true,"href":"https:\/\/cdnoticias.com\/index.php\/wp-json\/wp\/v2\/comments?post=197250"}],"version-history":[{"count":0,"href":"https:\/\/cdnoticias.com\/index.php\/wp-json\/wp\/v2\/posts\/197250\/revisions"}],"wp:featuredmedia":[{"embeddable":true,"href":"https:\/\/cdnoticias.com\/index.php\/wp-json\/wp\/v2\/media\/113129"}],"wp:attachment":[{"href":"https:\/\/cdnoticias.com\/index.php\/wp-json\/wp\/v2\/media?parent=197250"}],"wp:term":[{"taxonomy":"category","embeddable":true,"href":"https:\/\/cdnoticias.com\/index.php\/wp-json\/wp\/v2\/categories?post=197250"},{"taxonomy":"post_tag","embeddable":true,"href":"https:\/\/cdnoticias.com\/index.php\/wp-json\/wp\/v2\/tags?post=197250"}],"curies":[{"name":"wp","href":"https:\/\/api.w.org\/{rel}","templated":true}]}}