{"id":197240,"date":"2026-03-11T08:09:56","date_gmt":"2026-03-11T11:09:56","guid":{"rendered":"https:\/\/cdnoticias.com\/?p=197240"},"modified":"2026-03-11T09:53:54","modified_gmt":"2026-03-11T12:53:54","slug":"festival-de-estatuas-es-un-orgullo-para-nosotros-poder-sostenerlo-y-es-un-orgullo-para-la-ciudad","status":"publish","type":"post","link":"https:\/\/cdnoticias.com\/index.php\/2026\/03\/11\/festival-de-estatuas-es-un-orgullo-para-nosotros-poder-sostenerlo-y-es-un-orgullo-para-la-ciudad\/","title":{"rendered":"Festival de Estatuas: \u201cEs un orgullo para nosotros poder sostenerlo y es un orgullo para la ciudad\u201d\u00a0"},"content":{"rendered":"\n<p>La XIII edici\u00f3n se llevar\u00e1 a cabo este s\u00e1bado 14 y domingo 15 en el Centro Cultural San Jos\u00e9. Mar\u00eda In\u00e9s Banegas, organizadora del evento cont\u00f3 todos los detalles del festival.\u00a0<\/p>\n\n\n\n<hr class=\"wp-block-separator aligncenter has-alpha-channel-opacity\"\/>\n\n\n\n<p>Este fin de semana llegar\u00e1 la <strong>XIII edici\u00f3n del Festival Internacional de Estatuas Vivientes de Olavarr\u00eda.<\/strong> El <strong>s\u00e1bado 14 y domingo 15 de marzo de 17 a 20 horas, <\/strong>la sede del Festival ser\u00e1 el <strong>Centro Cultural Municipal San Jos\u00e9<\/strong>.<\/p>\n\n\n\n<p><\/p>\n\n\n\n<blockquote class=\"wp-block-quote is-layout-flow wp-block-quote-is-layout-flow\">\n<p>En la oportunidad participaran m\u00e1s de 20 estatuas vivientes que arribar\u00e1n desde diferentes lugares, tales como Entre R\u00edos, Bah\u00eda Blanca, Mar del Plata, Tandil, Rauch, la Pampa, Buenos Aires. Tambi\u00e9n habr\u00e1 Estatuas Vivientes Locales y Estatuas Vivientes infantiles.<\/p>\n<\/blockquote>\n\n\n\n<p><\/p>\n\n\n\n<p><strong>Mar\u00eda In\u00e9s Banegas, organizadora del evento<\/strong>, dialog\u00f3 con <strong><em>Central de Noticias<\/em><\/strong> sobre el festival y cont\u00f3 que \u201c<strong>el d\u00eda s\u00e1bado en la Casa del Bicentenario<\/strong>, despu\u00e9s del almuerzo, <strong>se va a realizar un foro donde cada artista presenta su lugar de procedencia y qu\u00e9 personaje trae<\/strong>. Este foro es abierto a todo p\u00fablico, cualquiera puede ir y puede participar\u201d.&nbsp;<\/p>\n\n\n\n<p><\/p>\n\n\n\n<figure class=\"wp-block-image size-large\"><img data-recalc-dims=\"1\" loading=\"lazy\" decoding=\"async\" width=\"800\" height=\"445\" src=\"https:\/\/i0.wp.com\/cdnoticias.com\/wp-content\/uploads\/2022\/03\/estatuas8.jpg?resize=800%2C445&#038;ssl=1\" alt=\"\" class=\"wp-image-49472\" srcset=\"https:\/\/i0.wp.com\/cdnoticias.com\/wp-content\/uploads\/2022\/03\/estatuas8.jpg?resize=1024%2C570&amp;ssl=1 1024w, https:\/\/i0.wp.com\/cdnoticias.com\/wp-content\/uploads\/2022\/03\/estatuas8.jpg?resize=300%2C167&amp;ssl=1 300w, https:\/\/i0.wp.com\/cdnoticias.com\/wp-content\/uploads\/2022\/03\/estatuas8.jpg?resize=768%2C427&amp;ssl=1 768w, https:\/\/i0.wp.com\/cdnoticias.com\/wp-content\/uploads\/2022\/03\/estatuas8.jpg?resize=800%2C445&amp;ssl=1 800w, https:\/\/i0.wp.com\/cdnoticias.com\/wp-content\/uploads\/2022\/03\/estatuas8.jpg?w=1280&amp;ssl=1 1280w\" sizes=\"auto, (max-width: 800px) 100vw, 800px\" \/><\/figure>\n\n\n\n<p><\/p>\n\n\n\n<p>Asimismo, Banegas remarc\u00f3 que \u201c<em>en el Centro Cultural, si bien las estatuas van a subir a la tarima a partir de las 17.30 horas, a partir de las 16:00 se van a estar caracterizando y preparando las estatuas. Ese proceso de caracterizaci\u00f3n tambi\u00e9n pueden ir a apreciarlo de manera personal todos los que quieran ir y estar en contacto con el artista\u201d.&nbsp;&nbsp;<\/em><\/p>\n\n\n\n<p><\/p>\n\n\n\n<blockquote class=\"wp-block-quote is-layout-flow wp-block-quote-is-layout-flow\">\n<p>\u201cEs un orgullo para nosotros poder sostenerlo y es un orgullo para la ciudad\u201d resalt\u00f3 Banegas quien adem\u00e1s record\u00f3 que el evento fue declarado de Inter\u00e9s Municipal por el Honorable Concejo Deliberante y de Inter\u00e9s legislativo por la C\u00e1mara de Diputados de la provincia de Buenos Aires.&nbsp;<\/p>\n<\/blockquote>\n\n\n\n<p><\/p>\n\n\n\n<p>Sobre la votaci\u00f3n, Banegas cont\u00f3 que \u201c<strong>hay un jurado que, aparte del voto del p\u00fablico, va a elegir mejor idea original, mejor realizaci\u00f3n y mejor performance. El jurado est\u00e1 integrado por Maricel Bisotto, Silvia Fari\u00f1a y Natalia Krivochen\u201d.&nbsp;<\/strong><\/p>\n\n\n\n<p><\/p>\n\n\n\n<p>Asimismo, estar\u00e1n participando varios artistas que se suman a este evento. La apertura estar\u00e1 a cargo de la artista <strong>Mariela Olivera Ahumada<\/strong> de Bah\u00eda Blanca y el cantante<strong> Juan Carlos Banegas<\/strong> con un tema musical aleg\u00f3rico a las estatuas.<\/p>\n\n\n\n<p><\/p>\n\n\n\n<p>Por \u00faltimo, la organizadora del evento indic\u00f3 que \u201cel s\u00e1bado <strong>se suman al festival 30 artesanos <\/strong>que van a estar poblando el predio del Centro Cultural donde se va a cortar la calle. Adem\u00e1s habr\u00e1 <strong>puestos de comida, foodstrucks <\/strong>y dentro del predio del Centro Cultural el d\u00eda domingo se suma la <strong>Feria Alquimia;<\/strong> en tanto el domingo despu\u00e9s de la premiaci\u00f3n habr\u00e1 un <strong>cierre musical\u201d.<\/strong><\/p>\n\n\n\n<p><\/p>\n","protected":false},"excerpt":{"rendered":"<p>La XIII edici\u00f3n se llevar\u00e1 a cabo este s\u00e1bado 14 y domingo 15 en el Centro Cultural San Jos\u00e9. Mar\u00eda<\/p>\n","protected":false},"author":6,"featured_media":166822,"comment_status":"closed","ping_status":"closed","sticky":false,"template":"","format":"standard","meta":{"_jetpack_memberships_contains_paid_content":false,"footnotes":""},"categories":[9,1],"tags":[],"class_list":["post-197240","post","type-post","status-publish","format-standard","has-post-thumbnail","hentry","category-cultura","category-portada"],"jetpack_featured_media_url":"https:\/\/i0.wp.com\/cdnoticias.com\/wp-content\/uploads\/2025\/03\/Festival-Internacional-Estatuas-9-scaled-1.jpg?fit=2560%2C1707&ssl=1","jetpack_sharing_enabled":true,"_links":{"self":[{"href":"https:\/\/cdnoticias.com\/index.php\/wp-json\/wp\/v2\/posts\/197240","targetHints":{"allow":["GET"]}}],"collection":[{"href":"https:\/\/cdnoticias.com\/index.php\/wp-json\/wp\/v2\/posts"}],"about":[{"href":"https:\/\/cdnoticias.com\/index.php\/wp-json\/wp\/v2\/types\/post"}],"author":[{"embeddable":true,"href":"https:\/\/cdnoticias.com\/index.php\/wp-json\/wp\/v2\/users\/6"}],"replies":[{"embeddable":true,"href":"https:\/\/cdnoticias.com\/index.php\/wp-json\/wp\/v2\/comments?post=197240"}],"version-history":[{"count":0,"href":"https:\/\/cdnoticias.com\/index.php\/wp-json\/wp\/v2\/posts\/197240\/revisions"}],"wp:featuredmedia":[{"embeddable":true,"href":"https:\/\/cdnoticias.com\/index.php\/wp-json\/wp\/v2\/media\/166822"}],"wp:attachment":[{"href":"https:\/\/cdnoticias.com\/index.php\/wp-json\/wp\/v2\/media?parent=197240"}],"wp:term":[{"taxonomy":"category","embeddable":true,"href":"https:\/\/cdnoticias.com\/index.php\/wp-json\/wp\/v2\/categories?post=197240"},{"taxonomy":"post_tag","embeddable":true,"href":"https:\/\/cdnoticias.com\/index.php\/wp-json\/wp\/v2\/tags?post=197240"}],"curies":[{"name":"wp","href":"https:\/\/api.w.org\/{rel}","templated":true}]}}