{"id":197237,"date":"2026-03-11T17:30:06","date_gmt":"2026-03-11T20:30:06","guid":{"rendered":"https:\/\/cdnoticias.com\/?p=197237"},"modified":"2026-03-11T17:30:08","modified_gmt":"2026-03-11T20:30:08","slug":"concurso-literario-50-anos-50-voces-contar-la-dictadura-a-cinco-decadas-del-golpe","status":"publish","type":"post","link":"https:\/\/cdnoticias.com\/index.php\/2026\/03\/11\/concurso-literario-50-anos-50-voces-contar-la-dictadura-a-cinco-decadas-del-golpe\/","title":{"rendered":"Concurso literario &#8220;50 a\u00f1os, 50 voces&#8221;: contar la dictadura a cinco d\u00e9cadas del golpe"},"content":{"rendered":"\n<p>La convocatoria est\u00e1 dirigida a personas de 60 a\u00f1os o m\u00e1s que vivan en la provincia de Buenos Aires. Se privilegiar\u00e1 el material que aborde historias locales.<\/p>\n\n\n\n<hr class=\"wp-block-separator aligncenter has-alpha-channel-opacity\"\/>\n\n\n\n<p>La<strong> Subsecretar\u00eda de Derechos Humanos de la Provincia de Buenos Aires<\/strong> invita a participar del <strong>concurso literario \u201cMemorias Mayores: 50 a\u00f1os, 50 voces\u201d,<\/strong> de cara a la conmemoraci\u00f3n del inicio de la <strong>\u00faltima dictadura c\u00edvico militar, el pr\u00f3ximo 24 de marzo.<\/strong><\/p>\n\n\n\n<p><\/p>\n\n\n\n<p>El gobernador Axel Kicillof decret\u00f3 el 2026 como el <strong>\u201cA\u00f1o de los Derechos Humanos, por la Memoria, la Verdad y la Justicia. A 50 a\u00f1os de la \u00faltima Dictadura C\u00edvico Militar\u201d<\/strong>. <\/p>\n\n\n\n<p><\/p>\n\n\n\n<blockquote class=\"wp-block-quote is-layout-flow wp-block-quote-is-layout-flow\">\n<p>En ese marco, la propuesta busca, desde la escritura, promover la construcci\u00f3n de la memoria activa y el respeto por las experiencias de muchas personas que vivenciaron &#8211; y en muchos casos padecieron &#8211; ese per\u00edodo hist\u00f3rico en carne propia.&nbsp;<\/p>\n<\/blockquote>\n\n\n\n<p><\/p>\n\n\n\n<p>La finalidad concreta del certamen es la<strong> publicaci\u00f3n de una antolog\u00eda de 50 relatos sobre la tem\u00e1tica.<\/strong> La edici\u00f3n estar\u00e1 a cargo de la Editorial Me.Ve.Ju.<\/p>\n\n\n\n<p><\/p>\n\n\n\n<p><strong>Qui\u00e9nes pueden participar<\/strong><\/p>\n\n\n\n<blockquote class=\"wp-block-quote is-layout-flow wp-block-quote-is-layout-flow\">\n<p>La convocatoria est\u00e1 dirigida a personas de 60 a\u00f1os o m\u00e1s que vivan en la provincia de Buenos Aires, que tengan inter\u00e9s en la escritura de un relato breve en el marco del 50 aniversario del comienzo de la \u00faltima dictadura militar.<\/p>\n<\/blockquote>\n\n\n\n<p><\/p>\n\n\n\n<p>Para participar, quienes deseen formar parte del certamen, deber\u00e1n inscribirse en el <a href=\"https:\/\/forms.gle\/9HEJcA9LF2iHoxsn8\" target=\"_blank\" rel=\"noreferrer noopener\">siguiente formulario online.<\/a> Cada participante <strong>podr\u00e1 presentar una sola obra de autor\u00eda propia libre de derechos de publicaci\u00f3n. <\/strong><\/p>\n\n\n\n<p><\/p>\n\n\n\n<blockquote class=\"wp-block-quote is-layout-flow wp-block-quote-is-layout-flow\">\n<p>La tem\u00e1tica abordada ser\u00e1 \u201c50 a\u00f1os de la \u00faltima Dictadura C\u00edvico Militar en Argentina\u201d. Se privilegiar\u00e1 el material escrito que aborde historias locales.<\/p>\n<\/blockquote>\n\n\n\n<p><\/p>\n\n\n\n<p>En cuanto al formato, no deber\u00e1n exceder las 500 palabras (una carilla en Word), deber\u00e1 llevar t\u00edtulo y presentar las siguientes caracter\u00edsticas: fuente (tipo de letra) \u201cTimes New Roman\u201d, tama\u00f1o 11, e interlineado simple o sencillo. Se podr\u00e1 enviar en formato Word o PDF.<\/p>\n\n\n\n<p><\/p>\n\n\n\n<p>La iniciativa invita a reflexionar sobre las<strong> implicancias sociales, econ\u00f3micas, culturales y pol\u00edticas de la \u00faltima dictadura c\u00edvico-militar en nuestro pa\u00eds,<\/strong> como <strong>aporte para la garant\u00eda de la no repetici\u00f3n y el fortalecimiento de la democracia.<\/strong><\/p>\n\n\n\n<p><\/p>\n\n\n\n<p><em>Fuente: Agencia DIB<\/em><\/p>\n","protected":false},"excerpt":{"rendered":"<p>La convocatoria est\u00e1 dirigida a personas de 60 a\u00f1os o m\u00e1s que vivan en la provincia de Buenos Aires. Se<\/p>\n","protected":false},"author":6,"featured_media":116426,"comment_status":"closed","ping_status":"closed","sticky":false,"template":"","format":"standard","meta":{"_jetpack_memberships_contains_paid_content":false,"footnotes":""},"categories":[6,1],"tags":[],"class_list":["post-197237","post","type-post","status-publish","format-standard","has-post-thumbnail","hentry","category-nacionales","category-portada"],"jetpack_featured_media_url":"https:\/\/i0.wp.com\/cdnoticias.com\/wp-content\/uploads\/2024\/05\/computadora-imag.png?fit=986%2C535&ssl=1","jetpack_sharing_enabled":true,"_links":{"self":[{"href":"https:\/\/cdnoticias.com\/index.php\/wp-json\/wp\/v2\/posts\/197237","targetHints":{"allow":["GET"]}}],"collection":[{"href":"https:\/\/cdnoticias.com\/index.php\/wp-json\/wp\/v2\/posts"}],"about":[{"href":"https:\/\/cdnoticias.com\/index.php\/wp-json\/wp\/v2\/types\/post"}],"author":[{"embeddable":true,"href":"https:\/\/cdnoticias.com\/index.php\/wp-json\/wp\/v2\/users\/6"}],"replies":[{"embeddable":true,"href":"https:\/\/cdnoticias.com\/index.php\/wp-json\/wp\/v2\/comments?post=197237"}],"version-history":[{"count":0,"href":"https:\/\/cdnoticias.com\/index.php\/wp-json\/wp\/v2\/posts\/197237\/revisions"}],"wp:featuredmedia":[{"embeddable":true,"href":"https:\/\/cdnoticias.com\/index.php\/wp-json\/wp\/v2\/media\/116426"}],"wp:attachment":[{"href":"https:\/\/cdnoticias.com\/index.php\/wp-json\/wp\/v2\/media?parent=197237"}],"wp:term":[{"taxonomy":"category","embeddable":true,"href":"https:\/\/cdnoticias.com\/index.php\/wp-json\/wp\/v2\/categories?post=197237"},{"taxonomy":"post_tag","embeddable":true,"href":"https:\/\/cdnoticias.com\/index.php\/wp-json\/wp\/v2\/tags?post=197237"}],"curies":[{"name":"wp","href":"https:\/\/api.w.org\/{rel}","templated":true}]}}