{"id":197233,"date":"2026-03-12T16:30:16","date_gmt":"2026-03-12T19:30:16","guid":{"rendered":"https:\/\/cdnoticias.com\/?p=197233"},"modified":"2026-03-12T16:30:20","modified_gmt":"2026-03-12T19:30:20","slug":"se-presentara-antologia-literaria-2025-de-la-escuela-municipal-alfonsina","status":"publish","type":"post","link":"https:\/\/cdnoticias.com\/index.php\/2026\/03\/12\/se-presentara-antologia-literaria-2025-de-la-escuela-municipal-alfonsina\/","title":{"rendered":"Se presentar\u00e1 Antolog\u00eda Literaria 2025 de la Escuela Municipal Alfonsina"},"content":{"rendered":"\n<p>Ser\u00e1 este s\u00e1bado 14 de marzo en el Centro Cultural San Jos\u00e9. Adem\u00e1s, se presentar\u00e1 el Ensamble de Saxos de la Escuela Municipal de M\u00fasica.<\/p>\n\n\n\n<hr class=\"wp-block-separator aligncenter has-alpha-channel-opacity\"\/>\n\n\n\n<p>Este <strong>s\u00e1bado 14 de marzo<\/strong>, se llevar\u00e1 a cabo la <strong>presentaci\u00f3n de la Antolog\u00eda Literaria 2025, <\/strong>una <strong>obra que consta de los trabajos literarios realizados por los alumnos<\/strong> que concurren a los <strong>diferentes talleres de la Escuela Literaria Municipal \u201cAlfonsina\u201d<\/strong>.<\/p>\n\n\n\n<p><\/p>\n\n\n\n<blockquote class=\"wp-block-quote is-layout-flow wp-block-quote-is-layout-flow\">\n<p>La presentaci\u00f3n ser\u00e1 a partir de las 19 horas, en el Centro Cultural Municipal \u201cSan Jos\u00e9\u201d, con entrada libre y gratuita. Se contar\u00e1 adem\u00e1s con la presencia del Ensamble de Saxos de la Escuela Municipal de M\u00fasica.<\/p>\n<\/blockquote>\n\n\n\n<p><\/p>\n\n\n\n<p>La Escuela Literaria Municipal \u201cAlfonsina\u201d se encuentra dentro de las <strong>propuestas educativas a nivel municipal pensadas para todos los niveles de educaci\u00f3n <\/strong>y con claros objetivos de c\u00f3mo hacer que chicos y grandes sean actores de una comunidad en continuo crecimiento. Las propuestas est\u00e1n pensadas para que cada uno de ellos descubra su potencial art\u00edstico.<\/p>\n\n\n\n<p><\/p>\n","protected":false},"excerpt":{"rendered":"<p>Ser\u00e1 este s\u00e1bado 14 de marzo en el Centro Cultural San Jos\u00e9. Adem\u00e1s, se presentar\u00e1 el Ensamble de Saxos de<\/p>\n","protected":false},"author":6,"featured_media":176747,"comment_status":"closed","ping_status":"closed","sticky":false,"template":"","format":"standard","meta":{"_jetpack_memberships_contains_paid_content":false,"footnotes":""},"categories":[9,1],"tags":[],"class_list":["post-197233","post","type-post","status-publish","format-standard","has-post-thumbnail","hentry","category-cultura","category-portada"],"jetpack_featured_media_url":"https:\/\/i0.wp.com\/cdnoticias.com\/wp-content\/uploads\/2025\/07\/centro-cultural-municipal-san-jose-1.jpeg?fit=1000%2C563&ssl=1","jetpack_sharing_enabled":true,"_links":{"self":[{"href":"https:\/\/cdnoticias.com\/index.php\/wp-json\/wp\/v2\/posts\/197233","targetHints":{"allow":["GET"]}}],"collection":[{"href":"https:\/\/cdnoticias.com\/index.php\/wp-json\/wp\/v2\/posts"}],"about":[{"href":"https:\/\/cdnoticias.com\/index.php\/wp-json\/wp\/v2\/types\/post"}],"author":[{"embeddable":true,"href":"https:\/\/cdnoticias.com\/index.php\/wp-json\/wp\/v2\/users\/6"}],"replies":[{"embeddable":true,"href":"https:\/\/cdnoticias.com\/index.php\/wp-json\/wp\/v2\/comments?post=197233"}],"version-history":[{"count":0,"href":"https:\/\/cdnoticias.com\/index.php\/wp-json\/wp\/v2\/posts\/197233\/revisions"}],"wp:featuredmedia":[{"embeddable":true,"href":"https:\/\/cdnoticias.com\/index.php\/wp-json\/wp\/v2\/media\/176747"}],"wp:attachment":[{"href":"https:\/\/cdnoticias.com\/index.php\/wp-json\/wp\/v2\/media?parent=197233"}],"wp:term":[{"taxonomy":"category","embeddable":true,"href":"https:\/\/cdnoticias.com\/index.php\/wp-json\/wp\/v2\/categories?post=197233"},{"taxonomy":"post_tag","embeddable":true,"href":"https:\/\/cdnoticias.com\/index.php\/wp-json\/wp\/v2\/tags?post=197233"}],"curies":[{"name":"wp","href":"https:\/\/api.w.org\/{rel}","templated":true}]}}