{"id":197197,"date":"2026-03-10T20:02:54","date_gmt":"2026-03-10T23:02:54","guid":{"rendered":"https:\/\/cdnoticias.com\/?p=197197"},"modified":"2026-03-10T20:02:56","modified_gmt":"2026-03-10T23:02:56","slug":"olavarria-recibira-el-espectaculo-internacional-sangre-gitana-del-ballet-flamenco-de-alicante","status":"publish","type":"post","link":"https:\/\/cdnoticias.com\/index.php\/2026\/03\/10\/olavarria-recibira-el-espectaculo-internacional-sangre-gitana-del-ballet-flamenco-de-alicante\/","title":{"rendered":"Olavarr\u00eda recibir\u00e1 el espect\u00e1culo internacional \u201cSangre Gitana\u201d del Ballet Flamenco de Alicante"},"content":{"rendered":"\n<p>La funci\u00f3n ser\u00e1 el 18 de abril a las 21 horas en el Teatro Municipal y contar\u00e1 con 15 artistas en escena, m\u00fasica en vivo y una fusi\u00f3n de flamenco, rock y soul.<\/p>\n\n\n\n<hr class=\"wp-block-separator has-alpha-channel-opacity\"\/>\n\n\n\n<p>La ciudad de Olavarr\u00eda ser\u00e1 escenario del espect\u00e1culo <strong>\u201cSangre Gitana\u201d<\/strong>, una producci\u00f3n internacional del <strong>Ballet Flamenco de Alicante<\/strong>, el pr\u00f3ximo <strong>18 de abril a las 21 horas en el Teatro Municipal.<\/strong> La actividad es organizada por la <strong>Sociedad Espa\u00f1ola de Olavarr\u00eda.<\/strong><\/p>\n\n\n\n<p><\/p>\n\n\n\n<p>La compa\u00f1\u00eda, fundada y dirigida por e<strong>l reconocido bailaor espa\u00f1ol Juan Amador<\/strong>, llega a la ciudad tras un exitoso estreno en enero de 2026 en Mar del Plata, donde la funci\u00f3n fue declarada de Inter\u00e9s Cultural por el Honorable Concejo Deliberante y nominada a los Premios Estrella de Mar 2026, uno de los reconocimientos m\u00e1s importantes de la temporada teatral argentina.<\/p>\n\n\n\n<p><\/p>\n\n\n\n<p>Conformado por<strong> 15 artistas en escena, el espect\u00e1culo incluye bailarinas y m\u00fasicos en vivo \u2014bater\u00eda, saxo, bajo y guitarra el\u00e9ctrica\u2014 y recorre desde el flamenco m\u00e1s puro y tradicional, de ra\u00edces gitanas espa\u00f1olas, hasta una potente fusi\u00f3n con rock argentino y soul.<\/strong> La propuesta promete una experiencia intensa y apasionada, atravesada por la m\u00fasica en vivo.<\/p>\n\n\n\n<p><\/p>\n\n\n\n<p><strong>Juan Amador, quien forma parte tambi\u00e9n del Barcelona Flamenco Ballet, <\/strong>ha recorrido escenarios internacionales con el espect\u00e1culo Carmen, present\u00e1ndose en ciudades como Mosc\u00fa, Israel, Dub\u00e1i, China y Polonia. Junto a \u00e9l, se presentar\u00e1 el cantaor espa\u00f1ol Eugenio Romero, de ra\u00edces gitanas y amplia trayectoria internacional.<\/p>\n\n\n\n<p><\/p>\n\n\n\n<p>Las entradas generales numeradas en plateas tienen un valor de $27.500 y se pueden adquirir en efectivo en Tecnocentro (Rivadavia 3065), en el Teatro Municipal (Rivadavia 2780) con tarjetas y billeteras virtuales, y de manera online a trav\u00e9s de www.articket.com.ar<br>.<\/p>\n","protected":false},"excerpt":{"rendered":"<p>La funci\u00f3n ser\u00e1 el 18 de abril a las 21 horas en el Teatro Municipal y contar\u00e1 con 15 artistas<\/p>\n","protected":false},"author":5,"featured_media":197199,"comment_status":"closed","ping_status":"closed","sticky":false,"template":"","format":"standard","meta":{"_jetpack_memberships_contains_paid_content":false,"footnotes":""},"categories":[9,1],"tags":[],"class_list":["post-197197","post","type-post","status-publish","format-standard","has-post-thumbnail","hentry","category-cultura","category-portada"],"jetpack_featured_media_url":"https:\/\/i0.wp.com\/cdnoticias.com\/wp-content\/uploads\/2026\/03\/sangregitana-flyer.png?fit=800%2C445&ssl=1","jetpack_sharing_enabled":true,"_links":{"self":[{"href":"https:\/\/cdnoticias.com\/index.php\/wp-json\/wp\/v2\/posts\/197197","targetHints":{"allow":["GET"]}}],"collection":[{"href":"https:\/\/cdnoticias.com\/index.php\/wp-json\/wp\/v2\/posts"}],"about":[{"href":"https:\/\/cdnoticias.com\/index.php\/wp-json\/wp\/v2\/types\/post"}],"author":[{"embeddable":true,"href":"https:\/\/cdnoticias.com\/index.php\/wp-json\/wp\/v2\/users\/5"}],"replies":[{"embeddable":true,"href":"https:\/\/cdnoticias.com\/index.php\/wp-json\/wp\/v2\/comments?post=197197"}],"version-history":[{"count":0,"href":"https:\/\/cdnoticias.com\/index.php\/wp-json\/wp\/v2\/posts\/197197\/revisions"}],"wp:featuredmedia":[{"embeddable":true,"href":"https:\/\/cdnoticias.com\/index.php\/wp-json\/wp\/v2\/media\/197199"}],"wp:attachment":[{"href":"https:\/\/cdnoticias.com\/index.php\/wp-json\/wp\/v2\/media?parent=197197"}],"wp:term":[{"taxonomy":"category","embeddable":true,"href":"https:\/\/cdnoticias.com\/index.php\/wp-json\/wp\/v2\/categories?post=197197"},{"taxonomy":"post_tag","embeddable":true,"href":"https:\/\/cdnoticias.com\/index.php\/wp-json\/wp\/v2\/tags?post=197197"}],"curies":[{"name":"wp","href":"https:\/\/api.w.org\/{rel}","templated":true}]}}