{"id":197175,"date":"2026-03-10T11:34:20","date_gmt":"2026-03-10T14:34:20","guid":{"rendered":"https:\/\/cdnoticias.com\/?p=197175"},"modified":"2026-03-10T11:35:14","modified_gmt":"2026-03-10T14:35:14","slug":"jornada-de-encuentro-y-reflexion-para-conmemorar-el-dia-internacional-de-la-mujer","status":"publish","type":"post","link":"https:\/\/cdnoticias.com\/index.php\/2026\/03\/10\/jornada-de-encuentro-y-reflexion-para-conmemorar-el-dia-internacional-de-la-mujer\/","title":{"rendered":"Jornada de encuentro y reflexi\u00f3n para conmemorar el D\u00eda Internacional de la Mujer"},"content":{"rendered":"\n<p>La actividad se realiz\u00f3 en el Comit\u00e9 Radical y reuni\u00f3 a numerosas mujeres que compartieron experiencias y proyectos para fortalecer su rol en la comunidad.<\/p>\n\n\n\n<hr class=\"wp-block-separator has-alpha-channel-opacity\"\/>\n\n\n\n<p>Este lunes 9 de marzo, en el marco del <strong>D\u00eda Internacional de la Mujer,<\/strong> Olavarr\u00eda fue escenario de una<strong> jornada de encuentro y reflexi\u00f3n en las instalaciones del Comit\u00e9 Radical. <\/strong>La propuesta, que comenz\u00f3 a las 19 horas, cont\u00f3 con un gran marco de p\u00fablico y busc\u00f3 generar un<strong> espacio de intercambio entre mujeres de la comunidad.<\/strong><\/p>\n\n\n\n<p><\/p>\n\n\n\n<p>Durante la ronda de mates, las participantes <strong>compartieron sus testimonios sobre los desaf\u00edos cotidianos que enfrentan y c\u00f3mo se involucran en iniciativas<\/strong> que resignifican y transforman su realidad y la de la comunidad.<\/p>\n\n\n\n<p><\/p>\n\n\n\n<figure class=\"wp-block-image size-large\"><img data-recalc-dims=\"1\" loading=\"lazy\" decoding=\"async\" width=\"800\" height=\"534\" src=\"https:\/\/i0.wp.com\/cdnoticias.com\/wp-content\/uploads\/2026\/03\/JJS_6925.jpg?resize=800%2C534&#038;ssl=1\" alt=\"\" class=\"wp-image-197191\" srcset=\"https:\/\/i0.wp.com\/cdnoticias.com\/wp-content\/uploads\/2026\/03\/JJS_6925-scaled.jpg?resize=1024%2C683&amp;ssl=1 1024w, https:\/\/i0.wp.com\/cdnoticias.com\/wp-content\/uploads\/2026\/03\/JJS_6925-scaled.jpg?resize=300%2C200&amp;ssl=1 300w, https:\/\/i0.wp.com\/cdnoticias.com\/wp-content\/uploads\/2026\/03\/JJS_6925-scaled.jpg?resize=768%2C512&amp;ssl=1 768w, https:\/\/i0.wp.com\/cdnoticias.com\/wp-content\/uploads\/2026\/03\/JJS_6925-scaled.jpg?resize=1536%2C1024&amp;ssl=1 1536w, https:\/\/i0.wp.com\/cdnoticias.com\/wp-content\/uploads\/2026\/03\/JJS_6925-scaled.jpg?resize=2048%2C1365&amp;ssl=1 2048w, https:\/\/i0.wp.com\/cdnoticias.com\/wp-content\/uploads\/2026\/03\/JJS_6925-scaled.jpg?resize=272%2C182&amp;ssl=1 272w, https:\/\/i0.wp.com\/cdnoticias.com\/wp-content\/uploads\/2026\/03\/JJS_6925-scaled.jpg?w=1600&amp;ssl=1 1600w, https:\/\/i0.wp.com\/cdnoticias.com\/wp-content\/uploads\/2026\/03\/JJS_6925-scaled.jpg?w=2400&amp;ssl=1 2400w\" sizes=\"auto, (max-width: 800px) 100vw, 800px\" \/><\/figure>\n\n\n\n<p><\/p>\n\n\n\n<p><strong>Bel\u00e9n Vergel, presidenta de la Uni\u00f3n C\u00edvica Radical de Olavarr\u00eda,<\/strong> destac\u00f3 la importancia del encuentro: \u201cen el marco de la conmemoraci\u00f3n del D\u00eda de la Mujer, compartimos una actividad muy din\u00e1mica, enriquecedora y productiva que nos permiti\u00f3 reflexionar y pensar juntas nuestra agenda de trabajo\u201d.<\/p>\n\n\n\n<p><\/p>\n\n\n\n<figure class=\"wp-block-image size-large\"><img data-recalc-dims=\"1\" loading=\"lazy\" decoding=\"async\" width=\"800\" height=\"534\" src=\"https:\/\/i0.wp.com\/cdnoticias.com\/wp-content\/uploads\/2026\/03\/JJS_6982.jpg?resize=800%2C534&#038;ssl=1\" alt=\"\" class=\"wp-image-197189\" srcset=\"https:\/\/i0.wp.com\/cdnoticias.com\/wp-content\/uploads\/2026\/03\/JJS_6982-scaled.jpg?resize=1024%2C683&amp;ssl=1 1024w, https:\/\/i0.wp.com\/cdnoticias.com\/wp-content\/uploads\/2026\/03\/JJS_6982-scaled.jpg?resize=300%2C200&amp;ssl=1 300w, https:\/\/i0.wp.com\/cdnoticias.com\/wp-content\/uploads\/2026\/03\/JJS_6982-scaled.jpg?resize=768%2C512&amp;ssl=1 768w, https:\/\/i0.wp.com\/cdnoticias.com\/wp-content\/uploads\/2026\/03\/JJS_6982-scaled.jpg?resize=1536%2C1024&amp;ssl=1 1536w, https:\/\/i0.wp.com\/cdnoticias.com\/wp-content\/uploads\/2026\/03\/JJS_6982-scaled.jpg?resize=2048%2C1365&amp;ssl=1 2048w, https:\/\/i0.wp.com\/cdnoticias.com\/wp-content\/uploads\/2026\/03\/JJS_6982-scaled.jpg?resize=272%2C182&amp;ssl=1 272w, https:\/\/i0.wp.com\/cdnoticias.com\/wp-content\/uploads\/2026\/03\/JJS_6982-scaled.jpg?w=1600&amp;ssl=1 1600w, https:\/\/i0.wp.com\/cdnoticias.com\/wp-content\/uploads\/2026\/03\/JJS_6982-scaled.jpg?w=2400&amp;ssl=1 2400w\" sizes=\"auto, (max-width: 800px) 100vw, 800px\" \/><\/figure>\n\n\n\n<p><\/p>\n\n\n\n<p>Adem\u00e1s, Vergel subray\u00f3 que durante la actividad <strong>\u201csurgieron proyectos, iniciativas e ideas que fortalecen el rol de las mujeres en nuestra comunidad\u201d<\/strong>, y a\u00f1adi\u00f3: \u201cbuscamos visibilizar a cada mujer como protagonista en la construcci\u00f3n de esa sociedad m\u00e1s justa e igualitaria que anhelamos. Porque cuando las mujeres participamos y ocupamos espacios de decisi\u00f3n, nuestras comunidades crecen. Es importante que sigamos trabajando juntas por la Olavarr\u00eda que queremos\u201d.<\/p>\n\n\n\n<p><\/p>\n","protected":false},"excerpt":{"rendered":"<p>La actividad se realiz\u00f3 en el Comit\u00e9 Radical y reuni\u00f3 a numerosas mujeres que compartieron experiencias y proyectos para fortalecer<\/p>\n","protected":false},"author":5,"featured_media":197190,"comment_status":"closed","ping_status":"closed","sticky":false,"template":"","format":"standard","meta":{"_jetpack_memberships_contains_paid_content":false,"footnotes":""},"categories":[3,1],"tags":[],"class_list":["post-197175","post","type-post","status-publish","format-standard","has-post-thumbnail","hentry","category-genero","category-portada"],"jetpack_featured_media_url":"https:\/\/i0.wp.com\/cdnoticias.com\/wp-content\/uploads\/2026\/03\/JJS_6938-scaled.jpg?fit=2560%2C1707&ssl=1","jetpack_sharing_enabled":true,"_links":{"self":[{"href":"https:\/\/cdnoticias.com\/index.php\/wp-json\/wp\/v2\/posts\/197175","targetHints":{"allow":["GET"]}}],"collection":[{"href":"https:\/\/cdnoticias.com\/index.php\/wp-json\/wp\/v2\/posts"}],"about":[{"href":"https:\/\/cdnoticias.com\/index.php\/wp-json\/wp\/v2\/types\/post"}],"author":[{"embeddable":true,"href":"https:\/\/cdnoticias.com\/index.php\/wp-json\/wp\/v2\/users\/5"}],"replies":[{"embeddable":true,"href":"https:\/\/cdnoticias.com\/index.php\/wp-json\/wp\/v2\/comments?post=197175"}],"version-history":[{"count":0,"href":"https:\/\/cdnoticias.com\/index.php\/wp-json\/wp\/v2\/posts\/197175\/revisions"}],"wp:featuredmedia":[{"embeddable":true,"href":"https:\/\/cdnoticias.com\/index.php\/wp-json\/wp\/v2\/media\/197190"}],"wp:attachment":[{"href":"https:\/\/cdnoticias.com\/index.php\/wp-json\/wp\/v2\/media?parent=197175"}],"wp:term":[{"taxonomy":"category","embeddable":true,"href":"https:\/\/cdnoticias.com\/index.php\/wp-json\/wp\/v2\/categories?post=197175"},{"taxonomy":"post_tag","embeddable":true,"href":"https:\/\/cdnoticias.com\/index.php\/wp-json\/wp\/v2\/tags?post=197175"}],"curies":[{"name":"wp","href":"https:\/\/api.w.org\/{rel}","templated":true}]}}