{"id":197156,"date":"2026-03-09T19:12:54","date_gmt":"2026-03-09T22:12:54","guid":{"rendered":"https:\/\/cdnoticias.com\/?p=197156"},"modified":"2026-03-10T08:51:51","modified_gmt":"2026-03-10T11:51:51","slug":"con-mucha-disparidad-aumentaron-los-combustibles-en-olavarria","status":"publish","type":"post","link":"https:\/\/cdnoticias.com\/index.php\/2026\/03\/09\/con-mucha-disparidad-aumentaron-los-combustibles-en-olavarria\/","title":{"rendered":"Con mucha disparidad, aumentaron los combustibles en Olavarr\u00eda"},"content":{"rendered":"\n<p>De algunos centavos, a un porcentaje m\u00e1s concreto e incluso aumentos muy concretos en ciertos tipos de combustible, en todas las estaciones de servicio se vio un incremento en nuestra ciudad.<\/p>\n\n\n\n<hr class=\"wp-block-separator aligncenter has-alpha-channel-opacity\"\/>\n\n\n\n<p>Con el conflicto de medio oriente entre Ir\u00e1n y Estados Unidos, sumado a otros pa\u00edses de dicha regi\u00f3n, el despacho de petr\u00f3leo gener\u00f3 una crisis energ\u00e9tica de alcances mundiales. <strong>En las \u00faltimas horas, se anticip\u00f3 que los combustibles podr\u00edan subir hasta un 15%, en Olavarr\u00eda se vieron algunos incrementos m\u00ednimos, pero que puede ser el inicio de aumentos sostenidos en los pr\u00f3ximos d\u00edas.<\/strong><\/p>\n\n\n\n<figure class=\"wp-block-embed is-type-wp-embed is-provider-central-de-noticias-olavarr-a wp-block-embed-central-de-noticias-olavarr-a\"><div class=\"wp-block-embed__wrapper\">\n<blockquote class=\"wp-embedded-content\" data-secret=\"42ApodV4o0\"><a href=\"https:\/\/cdnoticias.com\/index.php\/2026\/03\/08\/el-petroleo-se-dispara-por-la-guerra-y-anticipan-posibles-subas-de-hasta-15-en-los-combustibles\/\">El petr\u00f3leo se dispara por la guerra y anticipan posibles subas de hasta 15% en los combustibles<\/a><\/blockquote><iframe loading=\"lazy\" class=\"wp-embedded-content\" sandbox=\"allow-scripts\" security=\"restricted\" style=\"position: absolute; visibility: hidden;\" title=\"&#8220;El petr\u00f3leo se dispara por la guerra y anticipan posibles subas de hasta 15% en los combustibles&#8221; &#8212; Central de Noticias | Olavarr\u00eda\" src=\"https:\/\/cdnoticias.com\/index.php\/2026\/03\/08\/el-petroleo-se-dispara-por-la-guerra-y-anticipan-posibles-subas-de-hasta-15-en-los-combustibles\/embed\/#?secret=k2XkNrx5eJ#?secret=42ApodV4o0\" data-secret=\"42ApodV4o0\" width=\"600\" height=\"338\" frameborder=\"0\" marginwidth=\"0\" marginheight=\"0\" scrolling=\"no\"><\/iframe>\n<\/div><\/figure>\n\n\n\n<p>En la estaci\u00f3n de servicio de bandera,<strong> YPF, se pudo ver un m\u00ednimo aumento de algunos centavos en pr\u00e1cticamente todos los combustibles, incluidos los Premium. De todas maneras, se aclar\u00f3 que algunas subas est\u00e1n relacionadas con los aumentos din\u00e1micos que estableci\u00f3 la empresa<\/strong>, mediante un sistema de demanda y uso de inteligencia artificial.<\/p>\n\n\n\n<p>A su vez, se record\u00f3 ante la consulta de este medio, que<strong> rigen descuentos de hasta el 6% por la carga en horario diferenciado por la madrugada.<\/strong><\/p>\n\n\n\n<figure class=\"wp-block-image size-full\"><img data-recalc-dims=\"1\" loading=\"lazy\" decoding=\"async\" width=\"800\" height=\"445\" src=\"https:\/\/i0.wp.com\/cdnoticias.com\/wp-content\/uploads\/2026\/03\/ypf-combustibles.jpg?resize=800%2C445&#038;ssl=1\" alt=\"\" class=\"wp-image-197154\" srcset=\"https:\/\/i0.wp.com\/cdnoticias.com\/wp-content\/uploads\/2026\/03\/ypf-combustibles.jpg?w=800&amp;ssl=1 800w, https:\/\/i0.wp.com\/cdnoticias.com\/wp-content\/uploads\/2026\/03\/ypf-combustibles.jpg?resize=300%2C167&amp;ssl=1 300w, https:\/\/i0.wp.com\/cdnoticias.com\/wp-content\/uploads\/2026\/03\/ypf-combustibles.jpg?resize=768%2C427&amp;ssl=1 768w\" sizes=\"auto, (max-width: 800px) 100vw, 800px\" \/><\/figure>\n\n\n\n<p>En otras marcas (<strong>Puma, Shell, Axion,<\/strong> entre las m\u00e1s destacadas<strong>) hubo subas tambi\u00e9n de centavos e incluso un acumulado del 4% en los \u00faltimos d\u00edas, y se dieron algunos casos paradigm\u00e1ticos, como la suba en algunos combustibles puntuales, como el di\u00e9sel.<\/strong><\/p>\n\n\n\n<p>Vale recordar que <strong>el gobierno nacional autoriz\u00f3 a las empresas de despacho de combustible a no anunciar incrementos en los precios de los combustibles<\/strong>, por lo que los usuarios se enteran de hipot\u00e9ticos aumentos al llegar al surtidor.<\/p>\n\n\n\n<p><\/p>\n","protected":false},"excerpt":{"rendered":"<p>De algunos centavos, a un porcentaje m\u00e1s concreto e incluso aumentos muy concretos en ciertos tipos de combustible, en todas<\/p>\n","protected":false},"author":2,"featured_media":197153,"comment_status":"closed","ping_status":"closed","sticky":false,"template":"","format":"standard","meta":{"_jetpack_memberships_contains_paid_content":false,"footnotes":""},"categories":[5,1],"tags":[],"class_list":["post-197156","post","type-post","status-publish","format-standard","has-post-thumbnail","hentry","category-informacion-general","category-portada"],"jetpack_featured_media_url":"https:\/\/i0.wp.com\/cdnoticias.com\/wp-content\/uploads\/2026\/03\/ypf-combustibles1.jpg?fit=800%2C445&ssl=1","jetpack_sharing_enabled":true,"_links":{"self":[{"href":"https:\/\/cdnoticias.com\/index.php\/wp-json\/wp\/v2\/posts\/197156","targetHints":{"allow":["GET"]}}],"collection":[{"href":"https:\/\/cdnoticias.com\/index.php\/wp-json\/wp\/v2\/posts"}],"about":[{"href":"https:\/\/cdnoticias.com\/index.php\/wp-json\/wp\/v2\/types\/post"}],"author":[{"embeddable":true,"href":"https:\/\/cdnoticias.com\/index.php\/wp-json\/wp\/v2\/users\/2"}],"replies":[{"embeddable":true,"href":"https:\/\/cdnoticias.com\/index.php\/wp-json\/wp\/v2\/comments?post=197156"}],"version-history":[{"count":0,"href":"https:\/\/cdnoticias.com\/index.php\/wp-json\/wp\/v2\/posts\/197156\/revisions"}],"wp:featuredmedia":[{"embeddable":true,"href":"https:\/\/cdnoticias.com\/index.php\/wp-json\/wp\/v2\/media\/197153"}],"wp:attachment":[{"href":"https:\/\/cdnoticias.com\/index.php\/wp-json\/wp\/v2\/media?parent=197156"}],"wp:term":[{"taxonomy":"category","embeddable":true,"href":"https:\/\/cdnoticias.com\/index.php\/wp-json\/wp\/v2\/categories?post=197156"},{"taxonomy":"post_tag","embeddable":true,"href":"https:\/\/cdnoticias.com\/index.php\/wp-json\/wp\/v2\/tags?post=197156"}],"curies":[{"name":"wp","href":"https:\/\/api.w.org\/{rel}","templated":true}]}}