{"id":197129,"date":"2026-03-12T19:52:00","date_gmt":"2026-03-12T22:52:00","guid":{"rendered":"https:\/\/cdnoticias.com\/?p=197129"},"modified":"2026-03-12T19:52:02","modified_gmt":"2026-03-12T22:52:02","slug":"el-departamento-judicial-de-azul-conmemora-110-anos-de-historia","status":"publish","type":"post","link":"https:\/\/cdnoticias.com\/index.php\/2026\/03\/12\/el-departamento-judicial-de-azul-conmemora-110-anos-de-historia\/","title":{"rendered":"El Departamento Judicial de Azul conmemora 110 a\u00f1os de historia\u00a0"},"content":{"rendered":"\n<p>Contar\u00e1 con la presencia de autoridades provinciales y especialistas el pr\u00f3ximo lunes 16 de marzo.&nbsp;<\/p>\n\n\n\n<hr class=\"wp-block-separator aligncenter has-alpha-channel-opacity\"\/>\n\n\n\n<p>El <strong>Colegio de Magistrados y Funcionarios del Departamento Judicial Azul y el Colegio de Abogados de Azul<\/strong> celebrar\u00e1n la <strong>conmemoraci\u00f3n por los 110 a\u00f1os de la creaci\u00f3n del Departamento Judicial de Azul, <\/strong>un hito fundamental en la historia institucional de la regi\u00f3n y en el fortalecimiento del servicio de justicia en la provincia de Buenos Aires.<\/p>\n\n\n\n<p><\/p>\n\n\n\n<blockquote class=\"wp-block-quote is-layout-flow wp-block-quote-is-layout-flow\">\n<p>La jornada se realizar\u00e1 el lunes 16 de marzo y contar\u00e1 con la participaci\u00f3n de autoridades judiciales, acad\u00e9micas y representantes institucionales.<\/p>\n<\/blockquote>\n\n\n\n<p><\/p>\n\n\n\n<p>Las actividades<strong> comenzar\u00e1n a las 9:30 horas <\/strong>con la<strong> visita de la Presidenta de la Suprema Corte de Justicia de la Provincia de Buenos Aires, Dra. Hilda Kogan<\/strong>, a la sede del Colegio de Abogados de Azul y a las C\u00e1maras de Apelaci\u00f3n en el Palacio de Tribunales de Azul.<\/p>\n\n\n\n<p><\/p>\n\n\n\n<p>Posteriormente, se desarrollar\u00e1 una <strong>sesi\u00f3n del Consejo de la Magistratura de la Provincia de Buenos Aires, presidida por el Dr. Daniel Soria<\/strong>, en el marco de esta conmemoraci\u00f3n hist\u00f3rica.<\/p>\n\n\n\n<p><\/p>\n\n\n\n<blockquote class=\"wp-block-quote is-layout-flow wp-block-quote-is-layout-flow\">\n<p>El acto central tendr\u00e1 lugar a las 11:00 hs en la sede del Colegio de Magistrados y Funcionarios del Departamento Judicial Azul, con la presencia de autoridades provinciales y municipales. Durante el encuentro se realizar\u00e1 la apertura institucional y un panel acad\u00e9mico integrado por la Dra. Mar\u00eda Ang\u00e9lica Corva, la Dra. Romina Guedes y el Dr. Ezequiel Klass. <\/p>\n<\/blockquote>\n\n\n\n<p><\/p>\n\n\n\n<p>Las exposiciones abordar\u00e1n la <strong>configuraci\u00f3n hist\u00f3rica del Departamento Judicial, sus primeros a\u00f1os de funcionamiento y los desaf\u00edos actuales <\/strong>vinculados a la <strong>relaci\u00f3n entre justicia, informaci\u00f3n y opini\u00f3n p\u00fablica.<\/strong><\/p>\n\n\n\n<p><\/p>\n\n\n\n<blockquote class=\"wp-block-quote is-layout-flow wp-block-quote-is-layout-flow\">\n<p>Adem\u00e1s, participar\u00e1n de la jornada el Presidente del Colegio de Abogados de la Provincia de Buenos Aires (COLPROBA), Dr. Bienvenido Rodr\u00edguez Basalo, el Presidente del Colegio de Magistrados y Funcionarios de la Provincia de Buenos Aires, Dr. Mat\u00edas Javier Rappazzo y un representante provincial de la asociaci\u00f3n judicial bonaerense.<\/p>\n<\/blockquote>\n\n\n\n<p><\/p>\n\n\n\n<p>La actividad culminar\u00e1 a las 13:00 horas con un<strong> brindis de honor en el Colegio de Abogados de Azul, <\/strong>como espacio de encuentro y celebraci\u00f3n institucional entre autoridades y miembros de la comunidad jur\u00eddica.<\/p>\n\n\n\n<p><\/p>\n","protected":false},"excerpt":{"rendered":"<p>Contar\u00e1 con la presencia de autoridades provinciales y especialistas el pr\u00f3ximo lunes 16 de marzo.&nbsp; El Colegio de Magistrados y<\/p>\n","protected":false},"author":6,"featured_media":197131,"comment_status":"closed","ping_status":"closed","sticky":false,"template":"","format":"standard","meta":{"_jetpack_memberships_contains_paid_content":false,"footnotes":""},"categories":[6,1],"tags":[],"class_list":["post-197129","post","type-post","status-publish","format-standard","has-post-thumbnail","hentry","category-nacionales","category-portada"],"jetpack_featured_media_url":"https:\/\/i0.wp.com\/cdnoticias.com\/wp-content\/uploads\/2026\/03\/departamento-judicial-azul.png?fit=900%2C542&ssl=1","jetpack_sharing_enabled":true,"_links":{"self":[{"href":"https:\/\/cdnoticias.com\/index.php\/wp-json\/wp\/v2\/posts\/197129","targetHints":{"allow":["GET"]}}],"collection":[{"href":"https:\/\/cdnoticias.com\/index.php\/wp-json\/wp\/v2\/posts"}],"about":[{"href":"https:\/\/cdnoticias.com\/index.php\/wp-json\/wp\/v2\/types\/post"}],"author":[{"embeddable":true,"href":"https:\/\/cdnoticias.com\/index.php\/wp-json\/wp\/v2\/users\/6"}],"replies":[{"embeddable":true,"href":"https:\/\/cdnoticias.com\/index.php\/wp-json\/wp\/v2\/comments?post=197129"}],"version-history":[{"count":0,"href":"https:\/\/cdnoticias.com\/index.php\/wp-json\/wp\/v2\/posts\/197129\/revisions"}],"wp:featuredmedia":[{"embeddable":true,"href":"https:\/\/cdnoticias.com\/index.php\/wp-json\/wp\/v2\/media\/197131"}],"wp:attachment":[{"href":"https:\/\/cdnoticias.com\/index.php\/wp-json\/wp\/v2\/media?parent=197129"}],"wp:term":[{"taxonomy":"category","embeddable":true,"href":"https:\/\/cdnoticias.com\/index.php\/wp-json\/wp\/v2\/categories?post=197129"},{"taxonomy":"post_tag","embeddable":true,"href":"https:\/\/cdnoticias.com\/index.php\/wp-json\/wp\/v2\/tags?post=197129"}],"curies":[{"name":"wp","href":"https:\/\/api.w.org\/{rel}","templated":true}]}}