{"id":197125,"date":"2026-03-09T18:44:40","date_gmt":"2026-03-09T21:44:40","guid":{"rendered":"https:\/\/cdnoticias.com\/?p=197125"},"modified":"2026-03-09T18:44:42","modified_gmt":"2026-03-09T21:44:42","slug":"la-ucr-visito-el-club-el-fortin-en-el-marco-del-84-aniversario-de-la-institucion","status":"publish","type":"post","link":"https:\/\/cdnoticias.com\/index.php\/2026\/03\/09\/la-ucr-visito-el-club-el-fortin-en-el-marco-del-84-aniversario-de-la-institucion\/","title":{"rendered":"La UCR visit\u00f3 el Club El Fort\u00edn en el marco del 84\u00b0 aniversario de la instituci\u00f3n\u00a0"},"content":{"rendered":"\n<p>Vergel se\u00f1al\u00f3 que el Club es \u201cuna instituci\u00f3n que viene creciendo de manera sostenida gracias al compromiso de su Comisi\u00f3n Directiva, de las familias y de toda la comunidad que la acompa\u00f1a\u201d.\u00a0<\/p>\n\n\n\n<hr class=\"wp-block-separator aligncenter has-alpha-channel-opacity\"\/>\n\n\n\n<p>D\u00edas atr\u00e1s, la presidente de la Uni\u00f3n C\u00edvica Radical de Olavarr\u00eda,<strong> Bel\u00e9n Vergel<\/strong>, y el concejal<strong> Francisco Gonz\u00e1lez visitaron el Club El Fort\u00edn en el marco de su 84\u00b0 aniversario.<\/strong><\/p>\n\n\n\n<p><\/p>\n\n\n\n<p>All\u00ed, fueron recibidos por<strong> Leandro Lanceta, presidente de la instituci\u00f3n, y la secretaria Paola Casamayou.<\/strong> Durante el encuentro, Vergel y Gonz\u00e1lez recorrieron las instalaciones de la entidad y dialogaron acerca de la labor que viene realizando la Comisi\u00f3n Directiva para el crecimiento y desarrollo de El Fort\u00edn.\u00a0<\/p>\n\n\n\n<p><\/p>\n\n\n\n<p>Asimismo, hablaron sobre el importante rol social que cumple la instituci\u00f3n y del gran acompa\u00f1amiento de las familias y de la comunidad para que esto suceda.\u00a0Al respecto, Vergel se\u00f1al\u00f3 que el Club El Fort\u00edn es <strong>\u201cuna instituci\u00f3n que viene creciendo de manera sostenida gracias al compromiso de su Comisi\u00f3n Directiva, de las familias y de toda la comunidad que la acompa\u00f1a\u201d.\u00a0<\/strong><\/p>\n\n\n\n<p><\/p>\n\n\n\n<blockquote class=\"wp-block-quote is-layout-flow wp-block-quote-is-layout-flow\">\n<p>En esta misma l\u00ednea, destac\u00f3 especialmente \u201cel importante trabajo social que llevan adelante. El merendero que funciona para los ni\u00f1os del Club es una clara muestra de ese compromiso\u201d.\u00a0<\/p>\n<\/blockquote>\n\n\n\n<p><\/p>\n\n\n\n<p><em>\u201cA esto se suman los proyectos de infraestructura que est\u00e1n impulsando, destinados a mejorar las instalaciones y los servicios que brindan\u201d<\/em>, a\u00f1adi\u00f3.\u00a0 Por \u00faltimo, cerr\u00f3: \u201cFelicitamos a toda la instituci\u00f3n por su dedicaci\u00f3n y por fortalecer el rol social que los clubes cumplen en nuestra ciudad\u201d.\u00a0<\/p>\n\n\n\n<p><\/p>\n\n\n\n<p>Por su parte, <strong>Gonz\u00e1lez <\/strong>manifest\u00f3 que \u201c<strong>el Club El Fort\u00edn en los \u00faltimos a\u00f1os ha mostrado un gran crecimiento, en cuanto infraestructura y en cuanto a oferta deportiva, ya que son cada vez m\u00e1s las disciplinas que uno puede encontrarse\u201d.<\/strong>\u00a0<\/p>\n\n\n\n<p><\/p>\n\n\n\n<p><em>\u201cDurante la recorrida por el predio ubicado en avenida Pellegrini, nos contaron sobre lo que se viene para el Club. Hay proyectos muy ambiciosos, es una instituci\u00f3n que no deja de proyectar y mirar a futuro\u201d, <\/em>remarc\u00f3.\u00a0<\/p>\n\n\n\n<p><\/p>\n\n\n\n<p>Para finalizar, resalt\u00f3 \u201c<strong>la gran cantidad de chicos que concurren a diario y el rol que cumple el merendero en el espacio inaugurado hace aproximadamente dos a\u00f1os.<\/strong> Felicitamos al Club y a su Comisi\u00f3n Directiva por todo el trabajo realizado\u201d.<\/p>\n\n\n\n<p><\/p>\n","protected":false},"excerpt":{"rendered":"<p>Vergel se\u00f1al\u00f3 que el Club es \u201cuna instituci\u00f3n que viene creciendo de manera sostenida gracias al compromiso de su Comisi\u00f3n<\/p>\n","protected":false},"author":6,"featured_media":197127,"comment_status":"closed","ping_status":"closed","sticky":false,"template":"","format":"standard","meta":{"_jetpack_memberships_contains_paid_content":false,"footnotes":""},"categories":[4,1],"tags":[],"class_list":["post-197125","post","type-post","status-publish","format-standard","has-post-thumbnail","hentry","category-politica","category-portada"],"jetpack_featured_media_url":"https:\/\/i0.wp.com\/cdnoticias.com\/wp-content\/uploads\/2026\/03\/ucr-fortin.png?fit=878%2C569&ssl=1","jetpack_sharing_enabled":true,"_links":{"self":[{"href":"https:\/\/cdnoticias.com\/index.php\/wp-json\/wp\/v2\/posts\/197125","targetHints":{"allow":["GET"]}}],"collection":[{"href":"https:\/\/cdnoticias.com\/index.php\/wp-json\/wp\/v2\/posts"}],"about":[{"href":"https:\/\/cdnoticias.com\/index.php\/wp-json\/wp\/v2\/types\/post"}],"author":[{"embeddable":true,"href":"https:\/\/cdnoticias.com\/index.php\/wp-json\/wp\/v2\/users\/6"}],"replies":[{"embeddable":true,"href":"https:\/\/cdnoticias.com\/index.php\/wp-json\/wp\/v2\/comments?post=197125"}],"version-history":[{"count":0,"href":"https:\/\/cdnoticias.com\/index.php\/wp-json\/wp\/v2\/posts\/197125\/revisions"}],"wp:featuredmedia":[{"embeddable":true,"href":"https:\/\/cdnoticias.com\/index.php\/wp-json\/wp\/v2\/media\/197127"}],"wp:attachment":[{"href":"https:\/\/cdnoticias.com\/index.php\/wp-json\/wp\/v2\/media?parent=197125"}],"wp:term":[{"taxonomy":"category","embeddable":true,"href":"https:\/\/cdnoticias.com\/index.php\/wp-json\/wp\/v2\/categories?post=197125"},{"taxonomy":"post_tag","embeddable":true,"href":"https:\/\/cdnoticias.com\/index.php\/wp-json\/wp\/v2\/tags?post=197125"}],"curies":[{"name":"wp","href":"https:\/\/api.w.org\/{rel}","templated":true}]}}