{"id":197122,"date":"2026-03-09T18:26:18","date_gmt":"2026-03-09T21:26:18","guid":{"rendered":"https:\/\/cdnoticias.com\/?p=197122"},"modified":"2026-03-10T08:53:34","modified_gmt":"2026-03-10T11:53:34","slug":"coopelectric-felicito-a-ypf-luz-y-cementos-avellaneda-por-la-concrecion-del-parque-eolico-casa","status":"publish","type":"post","link":"https:\/\/cdnoticias.com\/index.php\/2026\/03\/09\/coopelectric-felicito-a-ypf-luz-y-cementos-avellaneda-por-la-concrecion-del-parque-eolico-casa\/","title":{"rendered":"Coopelectric felicit\u00f3 a YPF Luz y Cementos Avellaneda por la concreci\u00f3n del Parque E\u00f3lico CASA\u00a0"},"content":{"rendered":"\n<p>\u201cResulta especialmente gratificante ver hoy materializada una obra de esta magnitud\u201d expres\u00f3 Ignacio Aramburu, presidente de Coopelectric.&nbsp;<\/p>\n\n\n\n<hr class=\"wp-block-separator aligncenter has-alpha-channel-opacity\"\/>\n\n\n\n<p><strong>Coopelectric felicit\u00f3 a YPF Luz y Cementos Avellaneda S.A,<\/strong> por la puesta en marcha del<strong> Parque E\u00f3lico CASA <\/strong>que <a href=\"https:\/\/cdnoticias.com\/index.php\/2026\/02\/26\/se-inauguro-el-parque-eolico-casa-el-futuro-que-elegimos-construir-hoy-esta-aca\/\" target=\"_blank\" rel=\"noreferrer noopener\">se encuentra ubicado en el predio de la cementera<\/a>, a 10 kil\u00f3metros de la ciudad.\u00a0<\/p>\n\n\n\n<p><\/p>\n\n\n\n<p>Durante la inauguraci\u00f3n, que tuvo lugar el pasado jueves 26 de febrero, estuvieron presentes en representaci\u00f3n de Coopelectric los Consejeros Ignacio Pagano Couto, Carlos Coscia, Walter Bahl, el presidente del Cuerpo de Delegados Domingo Soraiz; y tambi\u00e9n el Gerente de Operaciones y Calidad de Servicio, Ing. Jorge Vornetti. <\/p>\n\n\n\n<p><\/p>\n\n\n\n<p>En este sentido, Vornetti expres\u00f3: \u201c<strong>esto nos permite darle contenido a una visi\u00f3n que tiene la Cooperativa que es la de ser facilitadores de proyectos de energ\u00eda renovable, por eso decimos que este hecho brinda contenido a esas palabras, d\u00e1ndole coherencia al mensaje\u201d.<\/strong><\/p>\n\n\n\n<p><\/p>\n\n\n\n<p><em>&#8220;Cabe destacar que este proyecto, comenz\u00f3 como una iniciativa de prefactibilidad de Coopelectric, all\u00e1 por el a\u00f1o 2018. Por ese entonces la Cooperativa llev\u00f3 adelante tareas de medici\u00f3n del recurso e\u00f3lico y tambi\u00e9n brind\u00f3 asesoramiento t\u00e9cnico, experiencia y acompa\u00f1amiento al desarrollo de esta propuesta que hoy se convierte en realidad&#8221;<\/em> se\u00f1alaron desde Coopelectric. <\/p>\n\n\n\n<p><\/p>\n\n\n\n<p>Asimismo, el <strong>Dr. Ignacio Aramburu, presidente de Coopelectric<\/strong> resalt\u00f3: \u201cpara quienes tuvimos la oportunidad de acompa\u00f1ar sus primeras etapas \u2014cuando a\u00fan era una idea en desarrollo\u2014<strong> resulta especialmente gratificante ver hoy materializada una obra de esta magnitud<\/strong>. <strong>La realizaci\u00f3n de este parque constituye una expresi\u00f3n concreta de compromiso con la transici\u00f3n energ\u00e9tica y el cuidado del ambiente. <\/strong>Decisiones como esta, que requieren visi\u00f3n, perseverancia e inversiones significativas, son las que transforman los prop\u00f3sitos en realidades\u201d.<\/p>\n\n\n\n<p><\/p>\n\n\n\n<p>Por \u00faltimo se\u00f1alaron: &#8220;<em>Desde Coopelectric se reafirma el sentido de la misi\u00f3n de contribuir a facilitar el desarrollo de las energ\u00edas renovables, una convicci\u00f3n que solo cobra verdadero valor cuando las ideas logran convertirse en proyectos concretos. Hoy, esos aerogeneradores integrados arm\u00f3nicamente al paisaje no solo producen energ\u00eda limpia, nos regalan una hermosa imagen del horizonte que nos recuerda que el futuro sustentable no es una promesa lejana, sino algo que se construye d\u00eda a d\u00eda, decisi\u00f3n a decisi\u00f3n&#8221;. <\/em><\/p>\n\n\n\n<p><\/p>\n\n\n\n<figure class=\"wp-block-embed is-type-wp-embed is-provider-central-de-noticias-olavarr-a wp-block-embed-central-de-noticias-olavarr-a\"><div class=\"wp-block-embed__wrapper\">\n<blockquote class=\"wp-embedded-content\" data-secret=\"1OyuWgo2t7\"><a href=\"https:\/\/cdnoticias.com\/index.php\/2026\/02\/26\/se-inauguro-el-parque-eolico-casa-el-futuro-que-elegimos-construir-hoy-esta-aca\/\">Se inaugur\u00f3 el Parque E\u00f3lico CASA: \u201cEl futuro que elegimos construir, hoy est\u00e1 ac\u00e1\u201d<\/a><\/blockquote><iframe loading=\"lazy\" class=\"wp-embedded-content\" sandbox=\"allow-scripts\" security=\"restricted\" style=\"position: absolute; visibility: hidden;\" title=\"&#8220;Se inaugur\u00f3 el Parque E\u00f3lico CASA: \u201cEl futuro que elegimos construir, hoy est\u00e1 ac\u00e1\u201d&#8221; &#8212; Central de Noticias | Olavarr\u00eda\" src=\"https:\/\/cdnoticias.com\/index.php\/2026\/02\/26\/se-inauguro-el-parque-eolico-casa-el-futuro-que-elegimos-construir-hoy-esta-aca\/embed\/#?secret=ICYQF6FX92#?secret=1OyuWgo2t7\" data-secret=\"1OyuWgo2t7\" width=\"600\" height=\"338\" frameborder=\"0\" marginwidth=\"0\" marginheight=\"0\" scrolling=\"no\"><\/iframe>\n<\/div><\/figure>\n","protected":false},"excerpt":{"rendered":"<p>\u201cResulta especialmente gratificante ver hoy materializada una obra de esta magnitud\u201d expres\u00f3 Ignacio Aramburu, presidente de Coopelectric.&nbsp; Coopelectric felicit\u00f3 a<\/p>\n","protected":false},"author":6,"featured_media":196030,"comment_status":"closed","ping_status":"closed","sticky":false,"template":"","format":"standard","meta":{"_jetpack_memberships_contains_paid_content":false,"footnotes":""},"categories":[5,1],"tags":[],"class_list":["post-197122","post","type-post","status-publish","format-standard","has-post-thumbnail","hentry","category-informacion-general","category-portada"],"jetpack_featured_media_url":"https:\/\/i0.wp.com\/cdnoticias.com\/wp-content\/uploads\/2026\/02\/Parque-Eolico-CASA-Cementos-Olavarria-18.jpg?fit=1024%2C680&ssl=1","jetpack_sharing_enabled":true,"_links":{"self":[{"href":"https:\/\/cdnoticias.com\/index.php\/wp-json\/wp\/v2\/posts\/197122","targetHints":{"allow":["GET"]}}],"collection":[{"href":"https:\/\/cdnoticias.com\/index.php\/wp-json\/wp\/v2\/posts"}],"about":[{"href":"https:\/\/cdnoticias.com\/index.php\/wp-json\/wp\/v2\/types\/post"}],"author":[{"embeddable":true,"href":"https:\/\/cdnoticias.com\/index.php\/wp-json\/wp\/v2\/users\/6"}],"replies":[{"embeddable":true,"href":"https:\/\/cdnoticias.com\/index.php\/wp-json\/wp\/v2\/comments?post=197122"}],"version-history":[{"count":0,"href":"https:\/\/cdnoticias.com\/index.php\/wp-json\/wp\/v2\/posts\/197122\/revisions"}],"wp:featuredmedia":[{"embeddable":true,"href":"https:\/\/cdnoticias.com\/index.php\/wp-json\/wp\/v2\/media\/196030"}],"wp:attachment":[{"href":"https:\/\/cdnoticias.com\/index.php\/wp-json\/wp\/v2\/media?parent=197122"}],"wp:term":[{"taxonomy":"category","embeddable":true,"href":"https:\/\/cdnoticias.com\/index.php\/wp-json\/wp\/v2\/categories?post=197122"},{"taxonomy":"post_tag","embeddable":true,"href":"https:\/\/cdnoticias.com\/index.php\/wp-json\/wp\/v2\/tags?post=197122"}],"curies":[{"name":"wp","href":"https:\/\/api.w.org\/{rel}","templated":true}]}}