{"id":197118,"date":"2026-03-09T19:52:01","date_gmt":"2026-03-09T22:52:01","guid":{"rendered":"https:\/\/cdnoticias.com\/?p=197118"},"modified":"2026-03-09T19:52:03","modified_gmt":"2026-03-09T22:52:03","slug":"vuelve-el-cine-movil-unicen-con-una-funcion-en-el-complejo-universitario","status":"publish","type":"post","link":"https:\/\/cdnoticias.com\/index.php\/2026\/03\/09\/vuelve-el-cine-movil-unicen-con-una-funcion-en-el-complejo-universitario\/","title":{"rendered":"Vuelve el Cine M\u00f3vil UNICEN con una funci\u00f3n en el Complejo Universitario"},"content":{"rendered":"\n<p>Ser\u00e1 este viernes 13 de marzo. Se proyectar\u00e1 la pel\u00edcula \u201cEl agente secreto\u201d, dirigida por Kleber Mendon\u00e7a Filho y protagonizada por Wagner Moura.<\/p>\n\n\n\n<hr class=\"wp-block-separator aligncenter has-alpha-channel-opacity\"\/>\n\n\n\n<p>La <strong>Facultad de Ciencias Sociales<\/strong> invita a la comunidad a participar de una <strong>nueva edici\u00f3n del ciclo Cine M\u00f3vil UNICEN,<\/strong> una<strong> propuesta cultural <\/strong>que regresa a la ciudad con una<strong> funci\u00f3n especial al aire libre<\/strong> que se enmarca en el <strong>cronograma de marzo por la memoria.<\/strong><\/p>\n\n\n\n<p><\/p>\n\n\n\n<blockquote class=\"wp-block-quote is-layout-flow wp-block-quote-is-layout-flow\">\n<p>La actividad se realizar\u00e1 el viernes 13 de marzo a las 19:30 horas en el Complejo Universitario Olavarr\u00eda, ubicado en avenida del Valle 5737. En esta oportunidad se proyectar\u00e1 la pel\u00edcula \u201cEl agente secreto\u201d, dirigida por Kleber Mendon\u00e7a Filho y protagonizada por Wagner Moura.<\/p>\n<\/blockquote>\n\n\n\n<p><\/p>\n\n\n\n<p>La funci\u00f3n<strong> ser\u00e1 al aire libre y con entrada gratuita<\/strong>, por lo que se invita a las y los asistentes a<strong> acercarse con reposera y\/o manta para disfrutar de la proyecci\u00f3n.<\/strong><\/p>\n\n\n\n<p><\/p>\n\n\n\n<p>La propuesta forma parte del <strong>programa Cine M\u00f3vil UNICEN, <\/strong>una iniciativa que busca acercar el cine a distintos espacios de la comunidad y <strong>promover el encuentro cultural en el \u00e1mbito universitario.<\/strong><\/p>\n\n\n\n<p><\/p>\n\n\n\n<blockquote class=\"wp-block-quote is-layout-flow wp-block-quote-is-layout-flow\">\n<p>La actividad es organizada con el acompa\u00f1amiento del Municipio de Olavarr\u00eda, el Espacio INCAA UNICEN, Cultura UNICEN, el \u00c1rea de Derechos Humanos de UNICEN, el Instituto Cultural de la Provincia de Buenos Aires y distintas unidades acad\u00e9micas de la universidad, entre ellas la Facultad de Ciencias Sociales, la Facultad de Ciencias de la Salud y la Facultad de Ingenier\u00eda junto al Jard\u00edn Maternal Upa La L\u00e1 y la Escuela Nacional Adolfo P\u00e9rez Esquivel.<\/p>\n<\/blockquote>\n\n\n\n<p><\/p>\n\n\n\n<p><strong>Sinopsis<\/strong><\/p>\n\n\n\n<p>&#8220;El agente secreto&#8221; (2025) narra la historia de un profesor universitario (Wagner Moura) que en los a\u00f1os 70 llega a una ciudad costera durante el carnaval con la esperanza de reencontrarse con su hijo y huyendo de un turbulento pasado pol\u00edtico, pero pronto se descubre vigilado y perseguido sin escapatoria de las garras de la corrupci\u00f3n. <strong>Fue nominada a 4 Oscar incluyendo Mejor Pel\u00edcula y result\u00f3 ganadora de 2 Premios Globo de Oro incluyendo Mejor Actor.<\/strong><\/p>\n\n\n\n<p><\/p>\n","protected":false},"excerpt":{"rendered":"<p>Ser\u00e1 este viernes 13 de marzo. Se proyectar\u00e1 la pel\u00edcula \u201cEl agente secreto\u201d, dirigida por Kleber Mendon\u00e7a Filho y protagonizada<\/p>\n","protected":false},"author":6,"featured_media":197120,"comment_status":"closed","ping_status":"closed","sticky":false,"template":"","format":"standard","meta":{"_jetpack_memberships_contains_paid_content":false,"footnotes":""},"categories":[9,1],"tags":[],"class_list":["post-197118","post","type-post","status-publish","format-standard","has-post-thumbnail","hentry","category-cultura","category-portada"],"jetpack_featured_media_url":"https:\/\/i0.wp.com\/cdnoticias.com\/wp-content\/uploads\/2026\/03\/El-Agente-Secreto.jpg?fit=900%2C400&ssl=1","jetpack_sharing_enabled":true,"_links":{"self":[{"href":"https:\/\/cdnoticias.com\/index.php\/wp-json\/wp\/v2\/posts\/197118","targetHints":{"allow":["GET"]}}],"collection":[{"href":"https:\/\/cdnoticias.com\/index.php\/wp-json\/wp\/v2\/posts"}],"about":[{"href":"https:\/\/cdnoticias.com\/index.php\/wp-json\/wp\/v2\/types\/post"}],"author":[{"embeddable":true,"href":"https:\/\/cdnoticias.com\/index.php\/wp-json\/wp\/v2\/users\/6"}],"replies":[{"embeddable":true,"href":"https:\/\/cdnoticias.com\/index.php\/wp-json\/wp\/v2\/comments?post=197118"}],"version-history":[{"count":0,"href":"https:\/\/cdnoticias.com\/index.php\/wp-json\/wp\/v2\/posts\/197118\/revisions"}],"wp:featuredmedia":[{"embeddable":true,"href":"https:\/\/cdnoticias.com\/index.php\/wp-json\/wp\/v2\/media\/197120"}],"wp:attachment":[{"href":"https:\/\/cdnoticias.com\/index.php\/wp-json\/wp\/v2\/media?parent=197118"}],"wp:term":[{"taxonomy":"category","embeddable":true,"href":"https:\/\/cdnoticias.com\/index.php\/wp-json\/wp\/v2\/categories?post=197118"},{"taxonomy":"post_tag","embeddable":true,"href":"https:\/\/cdnoticias.com\/index.php\/wp-json\/wp\/v2\/tags?post=197118"}],"curies":[{"name":"wp","href":"https:\/\/api.w.org\/{rel}","templated":true}]}}