{"id":197111,"date":"2026-03-09T14:21:37","date_gmt":"2026-03-09T17:21:37","guid":{"rendered":"https:\/\/cdnoticias.com\/?p=197111"},"modified":"2026-03-09T17:41:18","modified_gmt":"2026-03-09T20:41:18","slug":"tras-la-marcha-del-8m-se-denunciaron-situaciones-de-agresion-y-provocacion-en-olavarria","status":"publish","type":"post","link":"https:\/\/cdnoticias.com\/index.php\/2026\/03\/09\/tras-la-marcha-del-8m-se-denunciaron-situaciones-de-agresion-y-provocacion-en-olavarria\/","title":{"rendered":"Tras la marcha del 8M se denunciaron \u201csituaciones de agresi\u00f3n y provocaci\u00f3n\u201d en Olavarr\u00eda"},"content":{"rendered":"<p>El Frente de Mujeres y Disidencias emiti\u00f3 un comunicado en el que expuso tres episodios ocurridos en la marcha del domingo. No hubo consecuencias graves.<!--more--><\/p>\n<hr \/>\n<p>\u00a0<\/p>\n\n\n<p>El<strong> Frente de Mujeres y Disidencias de Olavarr\u00eda<\/strong> difundi\u00f3 un comunicado en el que <strong>denunci\u00f3 \u201csituaciones de agresi\u00f3n y provocaci\u00f3n\u201d<\/strong> ocurridas durante la <a href=\"https:\/\/cdnoticias.com\/index.php\/2026\/03\/09\/la-marcha-del-8m-con-importante-convocatoria-en-olavarria-este-lunes-panuelazo\/\" target=\"_blank\" rel=\"noreferrer noopener\">movilizaci\u00f3n realizada el 8 de marzo, en el marco del D\u00eda Internacional de la Mujer.<\/a><\/p>\n\n\n\n<p><\/p>\n\n\n\n<blockquote class=\"wp-block-quote is-layout-flow wp-block-quote-is-layout-flow\">\n<p>Seg\u00fan indicaron, durante la marcha se registraron \u201cal menos tres episodios\u201d. Describieron que en dos de ellos, motos intentaron ingresar a la columna mientras avanzaba por la calle Coronel Su\u00e1rez, \u201cacelerando de manera intimidante\u201d entre las personas que participaban de la movilizaci\u00f3n.<\/p>\n<\/blockquote>\n\n\n\n<p><\/p>\n\n\n\n<p>Adem\u00e1s, se\u00f1alaron que <strong>\u201cdesde un edificio arrojaron agua con jab\u00f3n o detergente\u201d <\/strong>hacia quienes formaban parte de la marcha.<\/p>\n\n\n\n<p><\/p>\n\n\n\n<p>De acuerdo con el comunicado, hacia el final de la jornada<strong> \u201cuna moto volvi\u00f3 a intentar atravesar la columna y tir\u00e1ndose encima de una persona\u201d.<\/strong><\/p>\n\n\n\n<p><\/p>\n\n\n\n<figure class=\"wp-block-image size-full\"><img data-recalc-dims=\"1\" loading=\"lazy\" decoding=\"async\" width=\"800\" height=\"1000\" src=\"https:\/\/i0.wp.com\/cdnoticias.com\/wp-content\/uploads\/2026\/03\/8M-comunicado-frente-de-mujeres-y-disidencias.jpg?resize=800%2C1000&#038;ssl=1\" alt=\"\" class=\"wp-image-197107\" srcset=\"https:\/\/i0.wp.com\/cdnoticias.com\/wp-content\/uploads\/2026\/03\/8M-comunicado-frente-de-mujeres-y-disidencias.jpg?w=800&amp;ssl=1 800w, https:\/\/i0.wp.com\/cdnoticias.com\/wp-content\/uploads\/2026\/03\/8M-comunicado-frente-de-mujeres-y-disidencias.jpg?resize=240%2C300&amp;ssl=1 240w, https:\/\/i0.wp.com\/cdnoticias.com\/wp-content\/uploads\/2026\/03\/8M-comunicado-frente-de-mujeres-y-disidencias.jpg?resize=768%2C960&amp;ssl=1 768w\" sizes=\"auto, (max-width: 800px) 100vw, 800px\" \/><\/figure>\n\n\n\n<p><\/p>\n\n\n\n<p>Desde la organizaci\u00f3n remarcaron que, si bien no se registraron consecuencias graves, consideran que <strong>estas situaciones \u201cno pueden ser naturalizadas\u201d <\/strong>consider\u00f3 el Frente de Mujeres y Disidencias de Olavarr\u00eda.<\/p>\n\n\n\n<p><\/p>\n\n\n\n<blockquote class=\"wp-block-quote is-layout-flow wp-block-quote-is-layout-flow\">\n<p>En el documento tambi\u00e9n se\u00f1alaron que \u201clas marchas del 8 de marzo son expresiones colectivas, pac\u00edficas y democr\u00e1ticas, donde miles de mujeres y disidencias salen a la calle para reclamar por sus derechos y por una sociedad m\u00e1s justa\u201d. Con ello se expuso que \u201cnos parece importante dejarlo asentado y compartirlo p\u00fablicamente. No se trata de hechos aislados, sino de acciones que encuentran legitimidad en discursos oficiales, que van corriendo los l\u00edmites del respeto, la convivencia y vulneran nuestra democracia\u201d.<\/p>\n<\/blockquote>\n\n\n\n<p><\/p>\n\n\n\n<p>Por \u00faltimo, reafirmaron su<strong> intenci\u00f3n de sostenerse \u201cocupando el espacio p\u00fablico<\/strong>, defendiendo la democracia, la memoria y los derechos conquistados\u201d.<\/p>\n\n\n\n<p><\/p>\n\n\n\n<p>El comunicado lleva las firmas de las agrupaciones integrantes del Frente de Mujeres y Disidencias de Olavarr\u00eda: <em>Movimiento Mayo, CTA, Suteryh, La C\u00e1mpora, Partido Justicialista, SUTEBA, MTE Mujeres, CECO, Mujeres Sindicalistas, Nuestram\u00e9rica, CGT, La Corriente Nacional de la Militancia, Casa Popular de la Mujer, La Yumba, Red Puentes, Mujeres Evita y Casa Pueblo<\/em>.<\/p>\n\n\n\n<p><\/p>\n\n\n\n<p>Foto de tapa: <em>Agencia Comunica<\/em><\/p>\n\n\n\n<p><\/p>\n","protected":false},"excerpt":{"rendered":"<p>El Frente de Mujeres y Disidencias emiti\u00f3 un comunicado en el que expuso tres episodios ocurridos en la marcha del<\/p>\n","protected":false},"author":4,"featured_media":197112,"comment_status":"closed","ping_status":"closed","sticky":false,"template":"","format":"standard","meta":{"_jetpack_memberships_contains_paid_content":false,"footnotes":""},"categories":[3,1],"tags":[],"class_list":["post-197111","post","type-post","status-publish","format-standard","has-post-thumbnail","hentry","category-genero","category-portada"],"jetpack_featured_media_url":"https:\/\/i0.wp.com\/cdnoticias.com\/wp-content\/uploads\/2026\/03\/8M-marcha-asamblea-feminista-05.jpg?fit=1000%2C562&ssl=1","jetpack_sharing_enabled":true,"_links":{"self":[{"href":"https:\/\/cdnoticias.com\/index.php\/wp-json\/wp\/v2\/posts\/197111","targetHints":{"allow":["GET"]}}],"collection":[{"href":"https:\/\/cdnoticias.com\/index.php\/wp-json\/wp\/v2\/posts"}],"about":[{"href":"https:\/\/cdnoticias.com\/index.php\/wp-json\/wp\/v2\/types\/post"}],"author":[{"embeddable":true,"href":"https:\/\/cdnoticias.com\/index.php\/wp-json\/wp\/v2\/users\/4"}],"replies":[{"embeddable":true,"href":"https:\/\/cdnoticias.com\/index.php\/wp-json\/wp\/v2\/comments?post=197111"}],"version-history":[{"count":0,"href":"https:\/\/cdnoticias.com\/index.php\/wp-json\/wp\/v2\/posts\/197111\/revisions"}],"wp:featuredmedia":[{"embeddable":true,"href":"https:\/\/cdnoticias.com\/index.php\/wp-json\/wp\/v2\/media\/197112"}],"wp:attachment":[{"href":"https:\/\/cdnoticias.com\/index.php\/wp-json\/wp\/v2\/media?parent=197111"}],"wp:term":[{"taxonomy":"category","embeddable":true,"href":"https:\/\/cdnoticias.com\/index.php\/wp-json\/wp\/v2\/categories?post=197111"},{"taxonomy":"post_tag","embeddable":true,"href":"https:\/\/cdnoticias.com\/index.php\/wp-json\/wp\/v2\/tags?post=197111"}],"curies":[{"name":"wp","href":"https:\/\/api.w.org\/{rel}","templated":true}]}}