{"id":197099,"date":"2026-03-09T11:26:10","date_gmt":"2026-03-09T14:26:10","guid":{"rendered":"https:\/\/cdnoticias.com\/?p=197099"},"modified":"2026-03-09T11:26:12","modified_gmt":"2026-03-09T14:26:12","slug":"detectan-en-bolivar-un-nuevo-caso-de-influenza-aviar","status":"publish","type":"post","link":"https:\/\/cdnoticias.com\/index.php\/2026\/03\/09\/detectan-en-bolivar-un-nuevo-caso-de-influenza-aviar\/","title":{"rendered":"Detectan en Bol\u00edvar un nuevo caso de influenza aviar"},"content":{"rendered":"<p>El Senasa confirm\u00f3 un foco de influenza aviar altamente pat\u00f3gena H5 en una granja de reproductores pesados en el vecino distrito. Protocolo sanitario.<!--more--><\/p>\n<hr \/>\n<p>\u00a0<\/p>\n\n\n<p>El <strong>Servicio Nacional de Sanidad y Calidad Agroalimentaria (Senasa)<\/strong> detect\u00f3 un nuevo caso de influenza aviar <strong>altamente pat\u00f3gena (IAAP) H5<\/strong> en territorio bonaerense.<\/p>\n\n\n\n<p><\/p>\n\n\n\n<blockquote class=\"wp-block-quote is-layout-flow wp-block-quote-is-layout-flow\">\n<p>En este caso, se dio en un establecimiento de aves de corral<strong> <\/strong>(reproductores padres pesados) ubicado en el partido de Bol\u00edvar. Las muestras fueron analizadas en el Laboratorio Nacional de Senasa.<\/p>\n<\/blockquote>\n\n\n\n<p><\/p>\n\n\n\n<p>En los \u00faltimos d\u00edas se detectaron adem\u00e1s casos <strong>en Chascom\u00fas, Mar del Plata y Lobos<\/strong>, por lo que las autoridades activaron el <strong>protocolo sanitario<\/strong> y <strong>se ampl\u00eda el impacto sobre el comercio exterior de productos av\u00edcolas argentinos.<\/strong><\/p>\n\n\n\n<p><\/p>\n\n\n\n<h2 class=\"wp-block-heading\">Plan de contingencia<\/h2>\n\n\n\n<p><\/p>\n\n\n\n<p>El organismo activ\u00f3 de inmediato las medidas previstas en su <strong>plan de contingencia <\/strong>y delimit\u00f3 una <strong>Zona de Control Sanitario (ZCS)<\/strong>. La misma incluye un \u00e1rea de <strong>perifoco de 3 kil\u00f3metros alrededor del establecimiento afectado y una zona de vigilancia<\/strong> que se extiende <strong>hasta los 7 kil\u00f3metros<\/strong>. Dentro de ese radio se intensifican las tareas de contenci\u00f3n, bioseguridad, restricci\u00f3n de movimientos, monitoreo y rastrillaje epidemiol\u00f3gico para identificar otras unidades productivas cercanas y posibles nexos sanitarios.<\/p>\n\n\n\n<p><\/p>\n\n\n\n<p>Como parte del protocolo para <strong>contener la enfermedad y evitar su propagaci\u00f3n<\/strong>, agentes del Senasa supervisar\u00e1n el <strong>despoblamiento sanitario del establecimiento<\/strong> y la <strong>disposici\u00f3n final de las aves<\/strong>, junto con la posterior aplicaci\u00f3n de<strong> medidas de higiene y desinfecci\u00f3n del predio<\/strong>. Adem\u00e1s, el organismo notificar\u00e1 oficialmente el caso a la Organizaci\u00f3n Mundial de Sanidad Animal (OMSA).<\/p>\n\n\n\n<p><\/p>\n\n\n\n<p>Con este hallazgo ya son <strong>varios los casos positivos de influenza aviar detectados en el pa\u00eds <\/strong>en los \u00faltimos d\u00edas. Los anteriores fueron informados en establecimientos ubicados en Lobos y Ranchos, en la provincia de Buenos Aires, y recientemente en una granja de producci\u00f3n de huevos para consumo en la localidad cordobesa de Alejo Ledesma. Tambi\u00e9n hubo casos en Mar del Plata y Chascom\u00fas.<\/p>\n\n\n\n<p><\/p>\n\n\n\n<blockquote class=\"wp-block-quote is-layout-flow wp-block-quote-is-layout-flow\">\n<p>Desde el Senasa aclararon que la detecci\u00f3n del virus no afecta la producci\u00f3n destinada al mercado interno ni el consumo de productos av\u00edcolas, ya que la influenza aviar no se transmite a las personas a trav\u00e9s de la ingesta de carne de pollo ni de huevos. Sin embargo, la situaci\u00f3n complica al sector exportador, debido a que se extienden los plazos para que Argentina recupere su estatus sanitario como pa\u00eds libre de la enfermedad.<\/p>\n<\/blockquote>\n\n\n\n<p><\/p>\n\n\n\n<p>Cabe recordar que, tras la primera detecci\u00f3n del virus en Ranchos, el pa\u00eds perdi\u00f3 temporalmente esa condici\u00f3n sanitaria y debi\u00f3 <strong>suspender exportaciones hacia varios destinos <\/strong>que mantienen acuerdos basados en ese estatus. La principal mercanc\u00eda afectada es la <strong>carne aviar fresca<\/strong>, cuya comercializaci\u00f3n se encuentra <strong>restringida en alrededor de 40 mercados<\/strong>. Entre ellos se encuentra China, el principal comprador del pollo argentino.<\/p>\n\n\n\n<p><\/p>\n\n\n\n<p>No obstante, <strong>el sector logr\u00f3 sostener env\u00edos a m\u00e1s de 35 pa\u00edses y bloques comerciales<\/strong> que reconocen los criterios de zonificaci\u00f3n, regionalizaci\u00f3n o compartimentaci\u00f3n sanitaria, herramientas que permiten mantener el comercio exterior aun ante la detecci\u00f3n de focos puntuales de la enfermedad.<\/p>\n\n\n\n<p><\/p>\n\n\n\n<h2 class=\"wp-block-heading\">Qu\u00e9 hacer ante casos sospechosos de influenza aviar<\/h2>\n\n\n\n<p><\/p>\n\n\n\n<ul class=\"wp-block-list\">\n<li>Evitar el contacto directo con aves silvestres, aves de corral o mam\u00edferos marinos que parezcan enfermos o se encuentren muertos.<\/li>\n\n\n\n<li>No tocar superficies que puedan estar contaminadas con saliva, mucosidad o heces de aves.<\/li>\n\n\n\n<li>En zonas rurales o afectadas, pasear a los perros siempre con correa para evitar que tengan contacto con animales silvestres.<\/li>\n\n\n\n<li>Reglas para los propietarios de aves de traspatio<\/li>\n\n\n\n<li>Mantener a los ejemplares en espacios protegidos y cerrados que impidan el contacto con aves silvestres.<\/li>\n\n\n\n<li>Utilizar ropa y calzado exclusivo para trabajar con los animales; higienizar y desinfectar peri\u00f3dicamente las instalaciones.<\/li>\n\n\n\n<li>Restringir el acceso de aves silvestres a las fuentes de agua y alimento de sus animales.<\/li>\n\n\n\n<li>Adem\u00e1s, es preciso reforzar el lavado frecuente de manos con agua y jab\u00f3n y ventilar los ambientes y evitar compartir cubiertos o vasos.<\/li>\n<\/ul>\n\n\n\n<p><\/p>\n\n\n\n<p>Si bien <strong>no existe una vacuna espec\u00edfica para la influenza aviar<\/strong>, se recomienda a los grupos de riesgo mantener al d\u00eda la<strong> vacuna antigripal anual.<\/strong><\/p>\n\n\n\n<p><\/p>\n\n\n\n<p>Fuente: <em>Agencia DIB<\/em><\/p>\n\n\n\n<p><\/p>\n","protected":false},"excerpt":{"rendered":"<p>El Senasa confirm\u00f3 un foco de influenza aviar altamente pat\u00f3gena H5 en una granja de reproductores pesados en el vecino<\/p>\n","protected":false},"author":4,"featured_media":88546,"comment_status":"closed","ping_status":"closed","sticky":false,"template":"","format":"standard","meta":{"_jetpack_memberships_contains_paid_content":false,"footnotes":""},"categories":[5,1],"tags":[],"class_list":["post-197099","post","type-post","status-publish","format-standard","has-post-thumbnail","hentry","category-informacion-general","category-portada"],"jetpack_featured_media_url":"https:\/\/i0.wp.com\/cdnoticias.com\/wp-content\/uploads\/2023\/06\/gripe-aviar-1.jpeg?fit=800%2C445&ssl=1","jetpack_sharing_enabled":true,"_links":{"self":[{"href":"https:\/\/cdnoticias.com\/index.php\/wp-json\/wp\/v2\/posts\/197099","targetHints":{"allow":["GET"]}}],"collection":[{"href":"https:\/\/cdnoticias.com\/index.php\/wp-json\/wp\/v2\/posts"}],"about":[{"href":"https:\/\/cdnoticias.com\/index.php\/wp-json\/wp\/v2\/types\/post"}],"author":[{"embeddable":true,"href":"https:\/\/cdnoticias.com\/index.php\/wp-json\/wp\/v2\/users\/4"}],"replies":[{"embeddable":true,"href":"https:\/\/cdnoticias.com\/index.php\/wp-json\/wp\/v2\/comments?post=197099"}],"version-history":[{"count":0,"href":"https:\/\/cdnoticias.com\/index.php\/wp-json\/wp\/v2\/posts\/197099\/revisions"}],"wp:featuredmedia":[{"embeddable":true,"href":"https:\/\/cdnoticias.com\/index.php\/wp-json\/wp\/v2\/media\/88546"}],"wp:attachment":[{"href":"https:\/\/cdnoticias.com\/index.php\/wp-json\/wp\/v2\/media?parent=197099"}],"wp:term":[{"taxonomy":"category","embeddable":true,"href":"https:\/\/cdnoticias.com\/index.php\/wp-json\/wp\/v2\/categories?post=197099"},{"taxonomy":"post_tag","embeddable":true,"href":"https:\/\/cdnoticias.com\/index.php\/wp-json\/wp\/v2\/tags?post=197099"}],"curies":[{"name":"wp","href":"https:\/\/api.w.org\/{rel}","templated":true}]}}