{"id":197092,"date":"2026-03-09T10:57:17","date_gmt":"2026-03-09T13:57:17","guid":{"rendered":"https:\/\/cdnoticias.com\/?p=197092"},"modified":"2026-03-09T14:22:17","modified_gmt":"2026-03-09T17:22:17","slug":"operativo-preventivo-por-el-upd-se-desarrollo-con-normalidad-en-olavarria","status":"publish","type":"post","link":"https:\/\/cdnoticias.com\/index.php\/2026\/03\/09\/operativo-preventivo-por-el-upd-se-desarrollo-con-normalidad-en-olavarria\/","title":{"rendered":"Operativo preventivo por el UPD se desarroll\u00f3 con normalidad en Olavarr\u00eda"},"content":{"rendered":"\n<p>El dispositivo se despleg\u00f3 durante la madrugada del lunes con epicentro en el Parque Mitre. Participaron \u00e1reas municipales, personal de salud y fuerzas de seguridad.<\/p>\n\n\n\n<hr class=\"wp-block-separator has-alpha-channel-opacity\"\/>\n\n\n\n<p>El Municipio de Olavarr\u00eda inform\u00f3 que durante la madrugada de este lunes se desarroll\u00f3 un operativo preventivo y de seguridad en el marco del<strong> UPD (\u00daltimo Primer D\u00eda)<\/strong>, la celebraci\u00f3n que realizan estudiantes antes de iniciar el \u00faltimo a\u00f1o del ciclo secundario.<\/p>\n\n\n\n<p><\/p>\n\n\n\n<p>El dispositivo fue coordinado de manera conjunta entre la Secretar\u00eda de Protecci\u00f3n Ciudadana y el Consejo Administrativo de Salud del Municipio.<\/p>\n\n\n\n<p><\/p>\n\n\n\n<p>El operativo tuvo como epicentro el <strong>Parque Mitre, sobre Almirante Brown entre Belgrano y General Paz,<\/strong> donde se dispusieron cortes de tr\u00e1nsito para permitir el ingreso y egreso seguro de los adolescentes que participaron de los festejos.<\/p>\n\n\n\n<p><\/p>\n\n\n\n<p>En el lugar se despleg\u00f3 personal de<strong> Protecci\u00f3n Ciudadana, Defensa Civil y Atenci\u00f3n Primaria de la Salud<\/strong>, que se ubic\u00f3 principalmente en el Paseo de la Salud, adem\u00e1s de realizar recorridas permanentes por el sector para detectar cualquier eventualidad.<\/p>\n\n\n\n<p><\/p>\n\n\n\n<figure class=\"wp-block-image size-large is-resized\"><img data-recalc-dims=\"1\" loading=\"lazy\" decoding=\"async\" width=\"800\" height=\"534\" src=\"https:\/\/i0.wp.com\/cdnoticias.com\/wp-content\/uploads\/2026\/03\/UPD-2026-3.jpeg?resize=800%2C534&#038;ssl=1\" alt=\"\" class=\"wp-image-197095\" style=\"width:798px;height:auto\" srcset=\"https:\/\/i0.wp.com\/cdnoticias.com\/wp-content\/uploads\/2026\/03\/UPD-2026-3.jpeg?resize=1024%2C683&amp;ssl=1 1024w, https:\/\/i0.wp.com\/cdnoticias.com\/wp-content\/uploads\/2026\/03\/UPD-2026-3.jpeg?resize=300%2C200&amp;ssl=1 300w, https:\/\/i0.wp.com\/cdnoticias.com\/wp-content\/uploads\/2026\/03\/UPD-2026-3.jpeg?resize=768%2C512&amp;ssl=1 768w, https:\/\/i0.wp.com\/cdnoticias.com\/wp-content\/uploads\/2026\/03\/UPD-2026-3.jpeg?resize=272%2C182&amp;ssl=1 272w, https:\/\/i0.wp.com\/cdnoticias.com\/wp-content\/uploads\/2026\/03\/UPD-2026-3.jpeg?w=1280&amp;ssl=1 1280w\" sizes=\"auto, (max-width: 800px) 100vw, 800px\" \/><\/figure>\n\n\n\n<p><\/p>\n\n\n\n<p>Desde el Municipio tambi\u00e9n destacaron la<strong> presencia de padres, madres y allegados, <\/strong>quienes colaboraron para que la celebraci\u00f3n transcurriera con normalidad.<\/p>\n\n\n\n<p><\/p>\n\n\n\n<p>De manera paralela, agentes de <strong>Protecci\u00f3n Ciudadana, con la colaboraci\u00f3n de efectivos de la Polic\u00eda Bonaerense que cumpl\u00edan horas adicionales para la comuna, <\/strong>realizaron recorridas preventivas durante toda la madrugada, con especial \u00e9nfasis en <strong>sectores de quintas<\/strong>, con el objetivo de controlar y eventualmente desalojar eventos privados sin autorizaci\u00f3n.<\/p>\n\n\n\n<p><\/p>\n\n\n\n<figure class=\"wp-block-image size-large is-resized\"><img data-recalc-dims=\"1\" loading=\"lazy\" decoding=\"async\" width=\"800\" height=\"542\" src=\"https:\/\/i0.wp.com\/cdnoticias.com\/wp-content\/uploads\/2026\/03\/UPD-2026-2.jpeg?resize=800%2C542&#038;ssl=1\" alt=\"\" class=\"wp-image-197094\" style=\"width:831px;height:auto\" srcset=\"https:\/\/i0.wp.com\/cdnoticias.com\/wp-content\/uploads\/2026\/03\/UPD-2026-2.jpeg?resize=1024%2C694&amp;ssl=1 1024w, https:\/\/i0.wp.com\/cdnoticias.com\/wp-content\/uploads\/2026\/03\/UPD-2026-2.jpeg?resize=300%2C203&amp;ssl=1 300w, https:\/\/i0.wp.com\/cdnoticias.com\/wp-content\/uploads\/2026\/03\/UPD-2026-2.jpeg?resize=768%2C521&amp;ssl=1 768w, https:\/\/i0.wp.com\/cdnoticias.com\/wp-content\/uploads\/2026\/03\/UPD-2026-2.jpeg?w=1280&amp;ssl=1 1280w\" sizes=\"auto, (max-width: 800px) 100vw, 800px\" \/><\/figure>\n\n\n\n<p><\/p>\n\n\n\n<p>Asimismo, en <strong>inmediaciones del Parque Mitre<\/strong> se llevaron adelante <strong>operativos de interceptaci\u00f3n vehicular tanto para autos como motos,<\/strong> que derivaron en diversas actas de infracci\u00f3n, entre ellas una por conducci\u00f3n con <strong>alcoholemia positiva.<\/strong> En todos los casos interviene el Juzgado de Faltas Municipal.<\/p>\n\n\n\n<p><\/p>\n\n\n\n<p><strong>\u201cCulmin\u00f3 de manera exitosa, el despliegue fue realizado para garantizar que los estudiantes puedan celebrar con seguridad y en paz\u201d<\/strong>, expres\u00f3 el <strong>secretario de Protecci\u00f3n Ciudadana, El\u00edas Quintas.<\/strong><\/p>\n","protected":false},"excerpt":{"rendered":"<p>El dispositivo se despleg\u00f3 durante la madrugada del lunes con epicentro en el Parque Mitre. Participaron \u00e1reas municipales, personal de<\/p>\n","protected":false},"author":5,"featured_media":197093,"comment_status":"closed","ping_status":"closed","sticky":false,"template":"","format":"standard","meta":{"_jetpack_memberships_contains_paid_content":false,"footnotes":""},"categories":[5,1],"tags":[],"class_list":["post-197092","post","type-post","status-publish","format-standard","has-post-thumbnail","hentry","category-informacion-general","category-portada"],"jetpack_featured_media_url":"https:\/\/i0.wp.com\/cdnoticias.com\/wp-content\/uploads\/2026\/03\/UPD-2026-4.jpeg?fit=1280%2C854&ssl=1","jetpack_sharing_enabled":true,"_links":{"self":[{"href":"https:\/\/cdnoticias.com\/index.php\/wp-json\/wp\/v2\/posts\/197092","targetHints":{"allow":["GET"]}}],"collection":[{"href":"https:\/\/cdnoticias.com\/index.php\/wp-json\/wp\/v2\/posts"}],"about":[{"href":"https:\/\/cdnoticias.com\/index.php\/wp-json\/wp\/v2\/types\/post"}],"author":[{"embeddable":true,"href":"https:\/\/cdnoticias.com\/index.php\/wp-json\/wp\/v2\/users\/5"}],"replies":[{"embeddable":true,"href":"https:\/\/cdnoticias.com\/index.php\/wp-json\/wp\/v2\/comments?post=197092"}],"version-history":[{"count":0,"href":"https:\/\/cdnoticias.com\/index.php\/wp-json\/wp\/v2\/posts\/197092\/revisions"}],"wp:featuredmedia":[{"embeddable":true,"href":"https:\/\/cdnoticias.com\/index.php\/wp-json\/wp\/v2\/media\/197093"}],"wp:attachment":[{"href":"https:\/\/cdnoticias.com\/index.php\/wp-json\/wp\/v2\/media?parent=197092"}],"wp:term":[{"taxonomy":"category","embeddable":true,"href":"https:\/\/cdnoticias.com\/index.php\/wp-json\/wp\/v2\/categories?post=197092"},{"taxonomy":"post_tag","embeddable":true,"href":"https:\/\/cdnoticias.com\/index.php\/wp-json\/wp\/v2\/tags?post=197092"}],"curies":[{"name":"wp","href":"https:\/\/api.w.org\/{rel}","templated":true}]}}