{"id":197091,"date":"2026-03-09T17:00:05","date_gmt":"2026-03-09T20:00:05","guid":{"rendered":"https:\/\/cdnoticias.com\/?p=197091"},"modified":"2026-03-09T19:13:17","modified_gmt":"2026-03-09T22:13:17","slug":"desde-este-miercoles-comienza-la-vacunacion-antigripal-en-toda-la-provincia-de-buenos-aires","status":"publish","type":"post","link":"https:\/\/cdnoticias.com\/index.php\/2026\/03\/09\/desde-este-miercoles-comienza-la-vacunacion-antigripal-en-toda-la-provincia-de-buenos-aires\/","title":{"rendered":"Desde este mi\u00e9rcoles comienza la vacunaci\u00f3n antigripal en toda la provincia de Buenos Aires"},"content":{"rendered":"<p>El Ministerio de Salud de la provincia de Buenos Aires inform\u00f3 la disponibilidad de dosis en los vacunatorios para las personas de grupos de riesgo y trabajadores de la salud. La campa\u00f1a se adelant\u00f3 por la circulaci\u00f3n del virus.<!--more--><\/p>\n<hr \/>\n\n\n<p><a href=\"https:\/\/cdnoticias.com\/index.php\/2026\/03\/03\/la-vacunacion-antigripal-comienza-en-toda-la-provincia-de-buenos-aires\/\" target=\"_blank\" rel=\"noreferrer noopener\">Tal como se inform\u00f3<\/a>, con <strong>motivo de la detecci\u00f3n de una nueva cepa del virus de influenza A (H3N2) <\/strong>que gener\u00f3 <strong>un fuerte brote en el hemisferio norte<\/strong> con alto impacto en los sistemas sanitarios de varios pa\u00edses, este a\u00f1o se decidi\u00f3 <strong>adelantar la campa\u00f1a de vacunaci\u00f3n antigripal en todo el pa\u00eds<\/strong>. De esta manera, desde el Ministerio de Salud de la provincia de Buenos Aires indic\u00f3 que <strong>en los 135 municipios bonaerenses la vacuna estar\u00e1 disponible en forma temprana.<\/strong><\/p>\n\n\n\n<p><\/p>\n\n\n\n<blockquote class=\"wp-block-quote is-layout-flow wp-block-quote-is-layout-flow\">\n<p>En la conferencia que este lunes brind\u00f3 el ministro de Gobierno bonaerense, Carlos Bianco, inform\u00f3 que la campa\u00f1a comenzar\u00e1 el pr\u00f3ximo mi\u00e9rcoles con las dosis disponibles en los vacunatorios bonaerenses habilitados. <\/p>\n<\/blockquote>\n\n\n\n<p><\/p>\n\n\n\n<p>Inicialmente estar\u00e1n alcanzados las <strong>personas de los grupos de riesgo y los trabajadores de la salud<\/strong>.<\/p>\n\n\n\n<p><\/p>\n\n\n\n<blockquote class=\"wp-block-quote is-layout-flow wp-block-quote-is-layout-flow\">\n<p>Se record\u00f3 que \u201cla vacunaci\u00f3n antigripal, adem\u00e1s de ser la mejor y m\u00e1s efectiva forma de prevenci\u00f3n de casos graves de la enfermedad, es obligatoria para una poblaci\u00f3n objetivo, es decir, grupos de riesgo que pueden presentar complicaciones\u201d.<\/p>\n<\/blockquote>\n\n\n\n<p><\/p>\n\n\n\n<p>Para evitar internaciones o casos con neumon\u00edas asociadas,<strong> deben vacunarse <\/strong>todos los a\u00f1os:<\/p>\n\n\n\n<p><\/p>\n\n\n\n<ul class=\"wp-block-list\">\n<li>Embarazadas y pu\u00e9rperas.<\/li>\n\n\n\n<li>Ni\u00f1os y ni\u00f1as de 6 a 24 meses.<\/li>\n\n\n\n<li>Personas de 65 a\u00f1os y m\u00e1s.<\/li>\n\n\n\n<li>Personas de 2 a 64 a\u00f1os con factores de riesgo como diabetes, EPOC\/asma, cardiopat\u00edas, obesidad, insuficiencia renal, entre otras patolog\u00edas cr\u00f3nicas.<\/li>\n\n\n\n<li>Personal de salud.<\/li>\n<\/ul>\n\n\n\n<p><\/p>\n\n\n\n<p><strong>La influenza A (H3N2) subclado K es un subtipo del virus de la gripe A <\/strong>que, hasta el momento, no ha demostrado mayor gravedad que otras variantes. Sin embargo, en Europa se registr\u00f3<strong> un adelanto de la temporada habitual de circulaci\u00f3n del virus<\/strong>, con un aumento significativo de contagios e internaciones.<\/p>\n\n\n\n<p><\/p>\n\n\n\n<figure class=\"wp-block-embed is-type-wp-embed is-provider-central-de-noticias-olavarr-a wp-block-embed-central-de-noticias-olavarr-a\"><div class=\"wp-block-embed__wrapper\">\n<blockquote class=\"wp-embedded-content\" data-secret=\"WbHB9IZWSu\"><a href=\"https:\/\/cdnoticias.com\/index.php\/2025\/12\/20\/gripe-a-h3n2-el-instituto-malbran-confirmo-tres-casos-en-el-pais\/\">Gripe A (H3N2): el Instituto Malbr\u00e1n confirm\u00f3 tres casos en el pa\u00eds<\/a><\/blockquote><iframe loading=\"lazy\" class=\"wp-embedded-content\" sandbox=\"allow-scripts\" security=\"restricted\" style=\"position: absolute; visibility: hidden;\" title=\"&#8220;Gripe A (H3N2): el Instituto Malbr\u00e1n confirm\u00f3 tres casos en el pa\u00eds&#8221; &#8212; Central de Noticias | Olavarr\u00eda\" src=\"https:\/\/cdnoticias.com\/index.php\/2025\/12\/20\/gripe-a-h3n2-el-instituto-malbran-confirmo-tres-casos-en-el-pais\/embed\/#?secret=7nkraWgITw#?secret=WbHB9IZWSu\" data-secret=\"WbHB9IZWSu\" width=\"600\" height=\"338\" frameborder=\"0\" marginwidth=\"0\" marginheight=\"0\" scrolling=\"no\"><\/iframe>\n<\/div><\/figure>\n\n\n\n<p><\/p>\n\n\n\n<p>En este contexto, la <a href=\"https:\/\/cdnoticias.com\/index.php\/2026\/02\/23\/adelantan-el-inicio-de-la-campana-de-vacunacion-contra-la-gripe\/\" target=\"_blank\" rel=\"noreferrer noopener\">cartera sanitaria nacional<\/a> desarroll\u00f3 en forma conjunta con las provincias la<strong> Estrategia de Abordaje Integral de Influenza<\/strong>, con el objetivo de <em>mejorar las coberturas, proteger a la poblaci\u00f3n objetivo y robustecer la capacidad de respuesta del sistema de salud<\/em> antes del inicio de la <strong>temporada de mayor circulaci\u00f3n viral.<\/strong><\/p>\n\n\n\n<p><\/p>\n\n\n\n<p>Para hacer posible el <strong>adelantamiento de la campa\u00f1a<\/strong>, el <strong>Ministerio de Salud de la Naci\u00f3n<\/strong> realiz\u00f3 una <strong>compra anticipada de las vacunas antigripal <\/strong>para adultos, antigripal adyuvantada (aTIV), destinada a mayores de 65 a\u00f1os, y antigripal pedi\u00e1trica.<\/p>\n\n\n\n<p><\/p>\n","protected":false},"excerpt":{"rendered":"<p>El Ministerio de Salud de la provincia de Buenos Aires inform\u00f3 la disponibilidad de dosis en los vacunatorios para las<\/p>\n","protected":false},"author":4,"featured_media":134318,"comment_status":"closed","ping_status":"closed","sticky":false,"template":"","format":"standard","meta":{"_jetpack_memberships_contains_paid_content":false,"footnotes":""},"categories":[6,1],"tags":[],"class_list":["post-197091","post","type-post","status-publish","format-standard","has-post-thumbnail","hentry","category-nacionales","category-portada"],"jetpack_featured_media_url":"https:\/\/i0.wp.com\/cdnoticias.com\/wp-content\/uploads\/2025\/01\/embarazada-vacuna-DIB.jpg?fit=696%2C393&ssl=1","jetpack_sharing_enabled":true,"_links":{"self":[{"href":"https:\/\/cdnoticias.com\/index.php\/wp-json\/wp\/v2\/posts\/197091","targetHints":{"allow":["GET"]}}],"collection":[{"href":"https:\/\/cdnoticias.com\/index.php\/wp-json\/wp\/v2\/posts"}],"about":[{"href":"https:\/\/cdnoticias.com\/index.php\/wp-json\/wp\/v2\/types\/post"}],"author":[{"embeddable":true,"href":"https:\/\/cdnoticias.com\/index.php\/wp-json\/wp\/v2\/users\/4"}],"replies":[{"embeddable":true,"href":"https:\/\/cdnoticias.com\/index.php\/wp-json\/wp\/v2\/comments?post=197091"}],"version-history":[{"count":0,"href":"https:\/\/cdnoticias.com\/index.php\/wp-json\/wp\/v2\/posts\/197091\/revisions"}],"wp:featuredmedia":[{"embeddable":true,"href":"https:\/\/cdnoticias.com\/index.php\/wp-json\/wp\/v2\/media\/134318"}],"wp:attachment":[{"href":"https:\/\/cdnoticias.com\/index.php\/wp-json\/wp\/v2\/media?parent=197091"}],"wp:term":[{"taxonomy":"category","embeddable":true,"href":"https:\/\/cdnoticias.com\/index.php\/wp-json\/wp\/v2\/categories?post=197091"},{"taxonomy":"post_tag","embeddable":true,"href":"https:\/\/cdnoticias.com\/index.php\/wp-json\/wp\/v2\/tags?post=197091"}],"curies":[{"name":"wp","href":"https:\/\/api.w.org\/{rel}","templated":true}]}}