{"id":197070,"date":"2026-03-09T09:29:25","date_gmt":"2026-03-09T12:29:25","guid":{"rendered":"https:\/\/cdnoticias.com\/?p=197070"},"modified":"2026-03-09T10:57:31","modified_gmt":"2026-03-09T13:57:31","slug":"leonardo-yunger-asumira-como-subsecretario-de-desarrollo-social","status":"publish","type":"post","link":"https:\/\/cdnoticias.com\/index.php\/2026\/03\/09\/leonardo-yunger-asumira-como-subsecretario-de-desarrollo-social\/","title":{"rendered":"Leonardo Yunger asumir\u00e1 como Subsecretario de Desarrollo Social"},"content":{"rendered":"<p>La actual funcionaria, Mar\u00eda Jos\u00e9 Maidana, renunci\u00f3 al cargo. En tanto, Yunger dejar\u00e1 la banca en el Concejo Deliberante.<!--more--><\/p>\n<hr \/>\n<p>\u00a0<\/p>\n\n\n<p><strong>Leonardo Yunger <\/strong>asumir\u00e1 como <strong>Subsecretario de Desarrollo Social en la Municipalidad.<\/strong><\/p>\n\n\n\n<p><\/p>\n\n\n\n<p>Se inform\u00f3 este lunes que la hasta ahora funcionaria, <strong>Mar\u00eda Jos\u00e9 Maidana, renunci\u00f3 al cargo \u201cpor motivos personales\u201d.<\/strong><\/p>\n\n\n\n<p><\/p>\n\n\n\n<blockquote class=\"wp-block-quote is-layout-flow wp-block-quote-is-layout-flow\">\n<p>El Municipio de Olavarr\u00eda confirm\u00f3 el cambio y agreg\u00f3 que en la banca en el Concejo Deliberante que deja Yunger ser\u00e1 reemplazado por Nicol\u00e1s Bruno.<\/p>\n<\/blockquote>\n\n\n\n<p><\/p>\n","protected":false},"excerpt":{"rendered":"<p>La actual funcionaria, Mar\u00eda Jos\u00e9 Maidana, renunci\u00f3 al cargo. En tanto, Yunger dejar\u00e1 la banca en el Concejo Deliberante.<\/p>\n","protected":false},"author":4,"featured_media":181415,"comment_status":"closed","ping_status":"closed","sticky":false,"template":"","format":"standard","meta":{"_jetpack_memberships_contains_paid_content":false,"footnotes":""},"categories":[4,1],"tags":[],"class_list":["post-197070","post","type-post","status-publish","format-standard","has-post-thumbnail","hentry","category-politica","category-portada"],"jetpack_featured_media_url":"https:\/\/i0.wp.com\/cdnoticias.com\/wp-content\/uploads\/2025\/09\/Entrevista-Yunger-05.jpg?fit=1024%2C680&ssl=1","jetpack_sharing_enabled":true,"_links":{"self":[{"href":"https:\/\/cdnoticias.com\/index.php\/wp-json\/wp\/v2\/posts\/197070","targetHints":{"allow":["GET"]}}],"collection":[{"href":"https:\/\/cdnoticias.com\/index.php\/wp-json\/wp\/v2\/posts"}],"about":[{"href":"https:\/\/cdnoticias.com\/index.php\/wp-json\/wp\/v2\/types\/post"}],"author":[{"embeddable":true,"href":"https:\/\/cdnoticias.com\/index.php\/wp-json\/wp\/v2\/users\/4"}],"replies":[{"embeddable":true,"href":"https:\/\/cdnoticias.com\/index.php\/wp-json\/wp\/v2\/comments?post=197070"}],"version-history":[{"count":0,"href":"https:\/\/cdnoticias.com\/index.php\/wp-json\/wp\/v2\/posts\/197070\/revisions"}],"wp:featuredmedia":[{"embeddable":true,"href":"https:\/\/cdnoticias.com\/index.php\/wp-json\/wp\/v2\/media\/181415"}],"wp:attachment":[{"href":"https:\/\/cdnoticias.com\/index.php\/wp-json\/wp\/v2\/media?parent=197070"}],"wp:term":[{"taxonomy":"category","embeddable":true,"href":"https:\/\/cdnoticias.com\/index.php\/wp-json\/wp\/v2\/categories?post=197070"},{"taxonomy":"post_tag","embeddable":true,"href":"https:\/\/cdnoticias.com\/index.php\/wp-json\/wp\/v2\/tags?post=197070"}],"curies":[{"name":"wp","href":"https:\/\/api.w.org\/{rel}","templated":true}]}}