{"id":19704,"date":"2021-04-23T15:54:03","date_gmt":"2021-04-23T18:54:03","guid":{"rendered":"http:\/\/www.centraldenoticias.com.ar\/?p=19704"},"modified":"2021-04-23T15:54:03","modified_gmt":"2021-04-23T18:54:03","slug":"bolivar-registro-3-muertes-y-cuenta-con-cerca-de-900-casos-activos-de-covid19","status":"publish","type":"post","link":"https:\/\/cdnoticias.com\/index.php\/2021\/04\/23\/bolivar-registro-3-muertes-y-cuenta-con-cerca-de-900-casos-activos-de-covid19\/","title":{"rendered":"Bol\u00edvar registr\u00f3 3 muertes y cuenta con cerca de 900 casos activos de Covid19"},"content":{"rendered":"<p>El distrito vecino, que en las \u00faltimas horas baj\u00f3 a fase 2, detect\u00f3 en las \u00faltimas horas m\u00e1s de 70 positivos.<!--more--><\/p>\n<hr \/>\n<p>Las complicaciones por la segunda ola de coronavirus se sienten cada vez m\u00e1s fuerte en el centro bonaerense y, a la par de Olavarr\u00eda, Bol\u00edvar es un claro ejemplo de ello. <a href=\"https:\/\/cdnoticias.com\/index.php\/2021\/04\/22\/bolivar-castelli-villegas-y-zarate-se-oficializo-la-suspension-de-clases-presenciales\/\" target=\"_blank\" rel=\"noopener\">El municipio vecino retrocedi\u00f3 d\u00edas atr\u00e1s a fase 2<\/a>, en una medida que inclusive <a href=\"https:\/\/cdnoticias.com\/index.php\/2021\/04\/21\/el-intendente-de-bolivar-pidio-el-pase-a-fase-2\/\" target=\"_blank\" rel=\"noopener\">fue requerida por el propio intendente Marcos Pisano ante el preocupante incremento de casos<\/a>.<\/p>\n<p>&nbsp;<\/p>\n<p><img data-recalc-dims=\"1\" loading=\"lazy\" decoding=\"async\" class=\"alignnone size-full wp-image-8976\" src=\"https:\/\/i0.wp.com\/cdnoticias.com\/wp-content\/uploads\/2020\/12\/pisano.jpg?resize=800%2C548&#038;ssl=1\" alt=\"\" width=\"800\" height=\"548\" srcset=\"https:\/\/i0.wp.com\/cdnoticias.com\/wp-content\/uploads\/2020\/12\/pisano.jpg?w=803&amp;ssl=1 803w, https:\/\/i0.wp.com\/cdnoticias.com\/wp-content\/uploads\/2020\/12\/pisano.jpg?resize=300%2C205&amp;ssl=1 300w, https:\/\/i0.wp.com\/cdnoticias.com\/wp-content\/uploads\/2020\/12\/pisano.jpg?resize=768%2C526&amp;ssl=1 768w, https:\/\/i0.wp.com\/cdnoticias.com\/wp-content\/uploads\/2020\/12\/pisano.jpg?resize=130%2C90&amp;ssl=1 130w\" sizes=\"auto, (max-width: 800px) 100vw, 800px\" \/><\/p>\n<p>&nbsp;<\/p>\n<p>En las \u00faltimas horas esas dificultades se hicieron a\u00fan m\u00e1s palpables, ya que se registraron<strong> tres muertes de pacientes activos de Covid19<\/strong>. De acuerdo con lo que se precis\u00f3 en la comunicaci\u00f3n oficial emitida en la noche de \u00faltimo jueves, se trat\u00f3 de dos hombres, de 85 y 77 a\u00f1os respectivamente, y una mujer de 87 a\u00f1os. <strong>El distrito cuenta con 31 fallecimientos desde el inicio de la pandemia.<\/strong><\/p>\n<p>&nbsp;<\/p>\n<p><img data-recalc-dims=\"1\" loading=\"lazy\" decoding=\"async\" class=\"alignnone size-full wp-image-19705\" src=\"https:\/\/i0.wp.com\/cdnoticias.com\/wp-content\/uploads\/2021\/04\/bolivar.jpg?resize=800%2C445&#038;ssl=1\" alt=\"\" width=\"800\" height=\"445\" srcset=\"https:\/\/i0.wp.com\/cdnoticias.com\/wp-content\/uploads\/2021\/04\/bolivar.jpg?w=800&amp;ssl=1 800w, https:\/\/i0.wp.com\/cdnoticias.com\/wp-content\/uploads\/2021\/04\/bolivar.jpg?resize=300%2C167&amp;ssl=1 300w, https:\/\/i0.wp.com\/cdnoticias.com\/wp-content\/uploads\/2021\/04\/bolivar.jpg?resize=768%2C427&amp;ssl=1 768w\" sizes=\"auto, (max-width: 800px) 100vw, 800px\" \/><\/p>\n<p>&nbsp;<\/p>\n<p>A la par, tras la realizaci\u00f3n de 243 testeos, se detectaron 72 casos positivos, mientras que 39 personas fueron dadas de alta, por lo que <strong>trep\u00f3 880 la cifra de casos activos<\/strong>.<\/p>\n","protected":false},"excerpt":{"rendered":"<p>El distrito vecino, que en las \u00faltimas horas baj\u00f3 a fase 2, detect\u00f3 en las \u00faltimas horas m\u00e1s de 70<\/p>\n","protected":false},"author":3,"featured_media":3945,"comment_status":"closed","ping_status":"closed","sticky":false,"template":"","format":"standard","meta":{"_jetpack_memberships_contains_paid_content":false,"footnotes":""},"categories":[6,1],"tags":[],"class_list":["post-19704","post","type-post","status-publish","format-standard","has-post-thumbnail","hentry","category-nacionales","category-portada"],"jetpack_featured_media_url":"https:\/\/i0.wp.com\/cdnoticias.com\/wp-content\/uploads\/2020\/10\/20200413101554-fortalecimiento-social-y-prodiaba-atend.jpg?fit=1200%2C799&ssl=1","jetpack_sharing_enabled":true,"_links":{"self":[{"href":"https:\/\/cdnoticias.com\/index.php\/wp-json\/wp\/v2\/posts\/19704","targetHints":{"allow":["GET"]}}],"collection":[{"href":"https:\/\/cdnoticias.com\/index.php\/wp-json\/wp\/v2\/posts"}],"about":[{"href":"https:\/\/cdnoticias.com\/index.php\/wp-json\/wp\/v2\/types\/post"}],"author":[{"embeddable":true,"href":"https:\/\/cdnoticias.com\/index.php\/wp-json\/wp\/v2\/users\/3"}],"replies":[{"embeddable":true,"href":"https:\/\/cdnoticias.com\/index.php\/wp-json\/wp\/v2\/comments?post=19704"}],"version-history":[{"count":0,"href":"https:\/\/cdnoticias.com\/index.php\/wp-json\/wp\/v2\/posts\/19704\/revisions"}],"wp:featuredmedia":[{"embeddable":true,"href":"https:\/\/cdnoticias.com\/index.php\/wp-json\/wp\/v2\/media\/3945"}],"wp:attachment":[{"href":"https:\/\/cdnoticias.com\/index.php\/wp-json\/wp\/v2\/media?parent=19704"}],"wp:term":[{"taxonomy":"category","embeddable":true,"href":"https:\/\/cdnoticias.com\/index.php\/wp-json\/wp\/v2\/categories?post=19704"},{"taxonomy":"post_tag","embeddable":true,"href":"https:\/\/cdnoticias.com\/index.php\/wp-json\/wp\/v2\/tags?post=19704"}],"curies":[{"name":"wp","href":"https:\/\/api.w.org\/{rel}","templated":true}]}}