{"id":197034,"date":"2026-03-11T14:01:56","date_gmt":"2026-03-11T17:01:56","guid":{"rendered":"https:\/\/cdnoticias.com\/?p=197034"},"modified":"2026-03-11T14:01:58","modified_gmt":"2026-03-11T17:01:58","slug":"la-ucr-bonaerense-tendra-eleccion-interna-el-7-de-junio","status":"publish","type":"post","link":"https:\/\/cdnoticias.com\/index.php\/2026\/03\/11\/la-ucr-bonaerense-tendra-eleccion-interna-el-7-de-junio\/","title":{"rendered":"La UCR bonaerense tendr\u00e1 elecci\u00f3n interna el 7 de junio"},"content":{"rendered":"<p>Los sectores de Maximiliano Abad y Mart\u00edn Lousteau impusieron su idea frente a la del actual presidente del Comit\u00e9 Provincia, Miguel Fern\u00e1ndez.<!--more--><\/p>\n<hr \/>\n<p>\u00a0<\/p>\n\n\n<p><strong>El radicalismo bonaerense <\/strong>dio un paso clave para <strong>buscar normalizar el partido y decidi\u00f3 adelantar la elecci\u00f3n interna para el 7 de junio<\/strong>, tres meses antes que la fecha original, que era el 6 de septiembre. Ese d\u00eda se elegir\u00e1n las <strong>nuevas autoridades del Comit\u00e9 Provincia<\/strong>.<\/p>\n\n\n\n<p><\/p>\n\n\n\n<p>El qu\u00f3rum para votar la moci\u00f3n de adelantamiento de las elecciones se consigui\u00f3 gracias a la participaci\u00f3n de siete de los diez dirigentes que deb\u00edan definir este tema en La Plata. Tambi\u00e9n se avanz\u00f3 con el <strong>armado de una junta promotora.<\/strong><\/p>\n\n\n\n<p><\/p>\n\n\n\n<blockquote class=\"wp-block-quote is-layout-flow wp-block-quote-is-layout-flow\">\n<p>El sector que buscaba avanzar con esto es el liderado por el senador nacional Maximiliano Abad, contra la posici\u00f3n del espacio que comanda su exsocio pol\u00edtico y actual presidente del Comit\u00e9, Miguel Fern\u00e1ndez. En esta jugada, acompa\u00f1an a Abad Mart\u00edn Lousteau, Daniel Salvador y Gustavo Posse, entre otros dirigentes con espacios internos.<\/p>\n<\/blockquote>\n\n\n\n<p><\/p>\n\n\n\n<p>Abad, el expresidente del comit\u00e9 provincial, sostiene que el radicalismo bonaerense debe <strong>resolver r\u00e1pidamente su crisis de conducci\u00f3n <\/strong>para encaminarse a <strong>recuperar presencia y competitividad pensando en 2027<\/strong>. Su espacio considera que para <strong>defender a los intendentes radicales y construir una alternativa s\u00f3lida<\/strong> es indispensable avanzar cuanto antes hacia una nueva conducci\u00f3n.<\/p>\n\n\n\n<p><\/p>\n\n\n\n<p>La crisis institucional en el radicalismo se dispar\u00f3 con la irresuelta elecci\u00f3n de 2025 y, ante la inminencia de la elecci\u00f3n general del a\u00f1o pasado, entr\u00f3 en una<strong> tregua con un esquema de conducci\u00f3n de emergencia <\/strong>(el Comit\u00e9 y la Convenci\u00f3n provisorios) integrados por todos los sectores pero con un esquema de alianza y afinidades internas que desde entonces mut\u00f3.<\/p>\n\n\n\n<p><\/p>\n\n\n\n<p><strong>La dirigencia radical cree que es necesario adelantar el reordenamiento partidario<\/strong> para prepararse mejor a un eventual adelantamiento de las elecciones generales del a\u00f1o que viene, producto de <strong>un nuevo desdoblamiento electoral <\/strong>en provincia de Buenos Aires.<\/p>\n\n\n\n<p><\/p>\n\n\n\n<p>Fuente: <em>Agencia DIB<\/em><\/p>\n\n\n\n<p><\/p>\n","protected":false},"excerpt":{"rendered":"<p>Los sectores de Maximiliano Abad y Mart\u00edn Lousteau impusieron su idea frente a la del actual presidente del Comit\u00e9 Provincia,<\/p>\n","protected":false},"author":4,"featured_media":79138,"comment_status":"closed","ping_status":"closed","sticky":false,"template":"","format":"standard","meta":{"_jetpack_memberships_contains_paid_content":false,"footnotes":""},"categories":[4,1],"tags":[],"class_list":["post-197034","post","type-post","status-publish","format-standard","has-post-thumbnail","hentry","category-politica","category-portada"],"jetpack_featured_media_url":"https:\/\/i0.wp.com\/cdnoticias.com\/wp-content\/uploads\/2023\/03\/abad-adelante-olavarria02-scaled.jpg?fit=2560%2C1424&ssl=1","jetpack_sharing_enabled":true,"_links":{"self":[{"href":"https:\/\/cdnoticias.com\/index.php\/wp-json\/wp\/v2\/posts\/197034","targetHints":{"allow":["GET"]}}],"collection":[{"href":"https:\/\/cdnoticias.com\/index.php\/wp-json\/wp\/v2\/posts"}],"about":[{"href":"https:\/\/cdnoticias.com\/index.php\/wp-json\/wp\/v2\/types\/post"}],"author":[{"embeddable":true,"href":"https:\/\/cdnoticias.com\/index.php\/wp-json\/wp\/v2\/users\/4"}],"replies":[{"embeddable":true,"href":"https:\/\/cdnoticias.com\/index.php\/wp-json\/wp\/v2\/comments?post=197034"}],"version-history":[{"count":0,"href":"https:\/\/cdnoticias.com\/index.php\/wp-json\/wp\/v2\/posts\/197034\/revisions"}],"wp:featuredmedia":[{"embeddable":true,"href":"https:\/\/cdnoticias.com\/index.php\/wp-json\/wp\/v2\/media\/79138"}],"wp:attachment":[{"href":"https:\/\/cdnoticias.com\/index.php\/wp-json\/wp\/v2\/media?parent=197034"}],"wp:term":[{"taxonomy":"category","embeddable":true,"href":"https:\/\/cdnoticias.com\/index.php\/wp-json\/wp\/v2\/categories?post=197034"},{"taxonomy":"post_tag","embeddable":true,"href":"https:\/\/cdnoticias.com\/index.php\/wp-json\/wp\/v2\/tags?post=197034"}],"curies":[{"name":"wp","href":"https:\/\/api.w.org\/{rel}","templated":true}]}}