{"id":19698,"date":"2021-04-23T14:58:33","date_gmt":"2021-04-23T17:58:33","guid":{"rendered":"http:\/\/www.centraldenoticias.com.ar\/?p=19698"},"modified":"2021-04-23T14:58:33","modified_gmt":"2021-04-23T17:58:33","slug":"norma-ester-haag-viuda-de-pereira-q-e-p-d","status":"publish","type":"post","link":"https:\/\/cdnoticias.com\/index.php\/2021\/04\/23\/norma-ester-haag-viuda-de-pereira-q-e-p-d\/","title":{"rendered":"Norma Ester Haag viuda De Pereira  (Q.E.P.D.)"},"content":{"rendered":"<p>Falleci\u00f3 en Olavarr\u00eda el d\u00eda\u00a0 23\u00a0 de Abril de 2021 a los 72\u00a0\u00a0 a\u00f1os de edad. Sus hijos Daniel Gustavo y Marcela, su hija pol\u00edtica Mar\u00eda Cristina sus nietas, sus nietos y dem\u00e1s deudos participan su fallecimiento.<\/p>\n<p>&nbsp;<\/p>\n<p>Sus restos ser\u00e1n velados este s\u00e1bado en la sala velatoria de Espa\u00f1a 2942, departamento D, desde las 8.30 y ser\u00e1n inhumados desde las 10.30 en el cementerio Loma de Paz, previo responso en la Capilla Ardiente. Servicio adherido a Coopelectric.<\/p>\n<p>&nbsp;<\/p>\n<p>Vecina de Loma Negra. Jubilada y pensionada.<\/p>\n<p>&nbsp;<\/p>\n<p>&nbsp;<\/p>\n<p>&nbsp;<\/p>\n","protected":false},"excerpt":{"rendered":"<p>Falleci\u00f3 en Olavarr\u00eda el d\u00eda\u00a0 23\u00a0 de Abril de 2021 a los 72\u00a0\u00a0 a\u00f1os de edad. Sus hijos Daniel Gustavo<\/p>\n","protected":false},"author":3,"featured_media":0,"comment_status":"closed","ping_status":"closed","sticky":false,"template":"","format":"standard","meta":{"_jetpack_memberships_contains_paid_content":false,"footnotes":""},"categories":[10],"tags":[],"class_list":["post-19698","post","type-post","status-publish","format-standard","hentry","category-necrologicas"],"jetpack_featured_media_url":"","jetpack_sharing_enabled":true,"_links":{"self":[{"href":"https:\/\/cdnoticias.com\/index.php\/wp-json\/wp\/v2\/posts\/19698","targetHints":{"allow":["GET"]}}],"collection":[{"href":"https:\/\/cdnoticias.com\/index.php\/wp-json\/wp\/v2\/posts"}],"about":[{"href":"https:\/\/cdnoticias.com\/index.php\/wp-json\/wp\/v2\/types\/post"}],"author":[{"embeddable":true,"href":"https:\/\/cdnoticias.com\/index.php\/wp-json\/wp\/v2\/users\/3"}],"replies":[{"embeddable":true,"href":"https:\/\/cdnoticias.com\/index.php\/wp-json\/wp\/v2\/comments?post=19698"}],"version-history":[{"count":0,"href":"https:\/\/cdnoticias.com\/index.php\/wp-json\/wp\/v2\/posts\/19698\/revisions"}],"wp:attachment":[{"href":"https:\/\/cdnoticias.com\/index.php\/wp-json\/wp\/v2\/media?parent=19698"}],"wp:term":[{"taxonomy":"category","embeddable":true,"href":"https:\/\/cdnoticias.com\/index.php\/wp-json\/wp\/v2\/categories?post=19698"},{"taxonomy":"post_tag","embeddable":true,"href":"https:\/\/cdnoticias.com\/index.php\/wp-json\/wp\/v2\/tags?post=19698"}],"curies":[{"name":"wp","href":"https:\/\/api.w.org\/{rel}","templated":true}]}}