{"id":196972,"date":"2026-03-09T08:29:57","date_gmt":"2026-03-09T11:29:57","guid":{"rendered":"https:\/\/cdnoticias.com\/?p=196972"},"modified":"2026-03-09T09:31:45","modified_gmt":"2026-03-09T12:31:45","slug":"desde-este-lunes-inscripcion-para-participar-del-ciclo-clasica-y-solidaria","status":"publish","type":"post","link":"https:\/\/cdnoticias.com\/index.php\/2026\/03\/09\/desde-este-lunes-inscripcion-para-participar-del-ciclo-clasica-y-solidaria\/","title":{"rendered":"Desde este lunes, inscripci\u00f3n para participar del ciclo \u201cCl\u00e1sica y Solidaria\u201d"},"content":{"rendered":"\n<p>Hasta el 20 de marzo en la Casa de la Cultura. Se record\u00f3 que no podr\u00e1n inscribirse aquellas instituciones que participaron del ciclo durante el a\u00f1o 2025.<\/p>\n\n\n\n<hr class=\"wp-block-separator aligncenter has-alpha-channel-opacity\"\/>\n\n\n\n<p>Desde la Subsecretar\u00eda de Cultura y Educaci\u00f3n, <strong>se convoc\u00f3 a todas las instituciones del Partido<\/strong> a<strong> participar del ciclo \u201cCl\u00e1sica y Solidaria\u201d.<\/strong><\/p>\n\n\n\n<p><\/p>\n\n\n\n<blockquote class=\"wp-block-quote is-layout-flow wp-block-quote-is-layout-flow\">\n<p>La inscripci\u00f3n se realizar\u00e1 desde este lunes hasta el 20 de marzo inclusive, tiempo en que las instituciones podr\u00e1n acercar a la Casa de la Cultura, ubicada en Roque S\u00e1enz Pe\u00f1a 2635, una nota solicitando participar de este ciclo y una rese\u00f1a breve de la instituci\u00f3n.\u00a0<\/p>\n<\/blockquote>\n\n\n\n<p><\/p>\n\n\n\n<p>Se record\u00f3 que <strong>no podr\u00e1n inscribirse aquellas instituciones que participaron del ciclo durante el a\u00f1o 2025.<\/strong> Las instituciones interesadas en formar parte del ciclo<strong> deber\u00e1n ser de bien p\u00fablico y\/o educativas y contar con personer\u00eda jur\u00eddica.<\/strong><\/p>\n\n\n\n<p><\/p>\n\n\n\n<blockquote class=\"wp-block-quote is-layout-flow wp-block-quote-is-layout-flow\">\n<p>Este a\u00f1o ser\u00e1n cinco los conciertos que brindar\u00e1 la Orquesta Sinf\u00f3nica Municipal \u201cMtro. Mario Patan\u00e9\u201d dirigida por el Mtro. Diego Lurbe y que permitir\u00e1 que cada uno de ellos sea a beneficio de alguna de las instituciones de nuestra ciudad.<\/p>\n<\/blockquote>\n\n\n\n<p><\/p>\n\n\n\n<p><strong>\u201cCl\u00e1sica y Solidaria\u201d<\/strong> <strong>naci\u00f3 en el a\u00f1o 2013 tras un proyecto de unir al arte con la solidaridad, <\/strong>y donde adem\u00e1s, se pudiera visibilizar el trabajo que hacen las instituciones que trabajan con las \u00e1reas m\u00e1s sensibles de nuestra sociedad. Con los a\u00f1os, esta propuesta se fue fortaleciendo transform\u00e1ndose en una gran posibilidad no solo para las instituciones que <strong>reciben un apoyo econ\u00f3mico sino tambi\u00e9n abrir la m\u00fasica cl\u00e1sica a un p\u00fablico m\u00e1s diverso.<\/strong><\/p>\n\n\n\n<p><\/p>\n\n\n\n<p>Por \u00faltimo, desde &#8220;<strong>Cl\u00e1sica y Solidaria<\/strong>&#8221; difundieron su <strong>calendario de conciertos<\/strong> que se llevar\u00e1n a cabo<strong> durante todo el a\u00f1o.<\/strong><\/p>\n\n\n\n<p><\/p>\n\n\n\n<p><strong>Calendario de conciertos \u2013 Temporada 2026<\/strong><\/p>\n\n\n\n<ul class=\"wp-block-list\">\n<li>Domingo 22 de Marzo &#8211; Loma Negra (Capilla Santa Elena).<\/li>\n\n\n\n<li>Domingo 19 de Abril \u2013 Cl\u00e1sica y Solidaria \u2013 Teatro Municipal.<\/li>\n\n\n\n<li>Domingo 10 de Mayo \u2013 Cl\u00e1sica y Solidaria \u2013 Teatro Municipal.<\/li>\n\n\n\n<li>Lunes 8 de Junio \u2013 Concierto did\u00e1ctico \u2013 Teatro Municipal.<\/li>\n\n\n\n<li>Jueves 9 de Julio \u2013 Velada de Gala \u2013 Teatro Municipal.<\/li>\n\n\n\n<li>Lunes 10 de Agosto \u2013 Concierto did\u00e1ctico \u2013 Teatro Municipal.<\/li>\n\n\n\n<li>Domingo 13 de Septiembre \u2013 Cl\u00e1sica y Solidaria \u2013 Teatro Municipal.<\/li>\n\n\n\n<li>Domingo 11 de Octubre \u2013 Cl\u00e1sica y Solidaria.<\/li>\n\n\n\n<li>Domingo 15 de Noviembre \u2013 Cl\u00e1sica y Solidaria \u2013 Teatro Municipal.<\/li>\n\n\n\n<li>Domingo 8 de Diciembre \u2013 Paseo Jes\u00fas Mend\u00eda.<\/li>\n<\/ul>\n","protected":false},"excerpt":{"rendered":"<p>Hasta el 20 de marzo en la Casa de la Cultura. Se record\u00f3 que no podr\u00e1n inscribirse aquellas instituciones que<\/p>\n","protected":false},"author":6,"featured_media":196974,"comment_status":"closed","ping_status":"closed","sticky":false,"template":"","format":"standard","meta":{"_jetpack_memberships_contains_paid_content":false,"footnotes":""},"categories":[9,1],"tags":[],"class_list":["post-196972","post","type-post","status-publish","format-standard","has-post-thumbnail","hentry","category-cultura","category-portada"],"jetpack_featured_media_url":"https:\/\/i0.wp.com\/cdnoticias.com\/wp-content\/uploads\/2026\/03\/clasica-ysolidaria1.jpg?fit=900%2C598&ssl=1","jetpack_sharing_enabled":true,"_links":{"self":[{"href":"https:\/\/cdnoticias.com\/index.php\/wp-json\/wp\/v2\/posts\/196972","targetHints":{"allow":["GET"]}}],"collection":[{"href":"https:\/\/cdnoticias.com\/index.php\/wp-json\/wp\/v2\/posts"}],"about":[{"href":"https:\/\/cdnoticias.com\/index.php\/wp-json\/wp\/v2\/types\/post"}],"author":[{"embeddable":true,"href":"https:\/\/cdnoticias.com\/index.php\/wp-json\/wp\/v2\/users\/6"}],"replies":[{"embeddable":true,"href":"https:\/\/cdnoticias.com\/index.php\/wp-json\/wp\/v2\/comments?post=196972"}],"version-history":[{"count":0,"href":"https:\/\/cdnoticias.com\/index.php\/wp-json\/wp\/v2\/posts\/196972\/revisions"}],"wp:featuredmedia":[{"embeddable":true,"href":"https:\/\/cdnoticias.com\/index.php\/wp-json\/wp\/v2\/media\/196974"}],"wp:attachment":[{"href":"https:\/\/cdnoticias.com\/index.php\/wp-json\/wp\/v2\/media?parent=196972"}],"wp:term":[{"taxonomy":"category","embeddable":true,"href":"https:\/\/cdnoticias.com\/index.php\/wp-json\/wp\/v2\/categories?post=196972"},{"taxonomy":"post_tag","embeddable":true,"href":"https:\/\/cdnoticias.com\/index.php\/wp-json\/wp\/v2\/tags?post=196972"}],"curies":[{"name":"wp","href":"https:\/\/api.w.org\/{rel}","templated":true}]}}