{"id":196965,"date":"2026-03-09T15:01:20","date_gmt":"2026-03-09T18:01:20","guid":{"rendered":"https:\/\/cdnoticias.com\/?p=196965"},"modified":"2026-03-09T15:01:23","modified_gmt":"2026-03-09T18:01:23","slug":"actividades-del-centro-deportivo-y-recreativo-municipal-diego-armando-maradona","status":"publish","type":"post","link":"https:\/\/cdnoticias.com\/index.php\/2026\/03\/09\/actividades-del-centro-deportivo-y-recreativo-municipal-diego-armando-maradona\/","title":{"rendered":"Actividades del Centro Deportivo y Recreativo Municipal \u201cDiego Armando Maradona\u201d"},"content":{"rendered":"\n<p>Con propuestas para todas las edades, se desarrollar\u00e1n disciplinas tanto art\u00edsticas como deportivas y recreativas de lunes a viernes.<\/p>\n\n\n\n<hr class=\"wp-block-separator aligncenter has-alpha-channel-opacity\"\/>\n\n\n\n<p>Se dio a conocer el <strong>cronograma de actividades <\/strong>que se ofrecen desde el <strong>Centro Deportivo y Recreativo Municipal \u201cDiego Armando Maradona\u201d.\u00a0<\/strong><\/p>\n\n\n\n<p><\/p>\n\n\n\n<blockquote class=\"wp-block-quote is-layout-flow wp-block-quote-is-layout-flow\">\n<p>Con propuestas para todas las edades, se desarrollar\u00e1n disciplinas tanto art\u00edsticas como deportivas y recreativas de lunes a viernes.<\/p>\n<\/blockquote>\n\n\n\n<p><\/p>\n\n\n\n<p>Ubicado sobre <strong>avenida Hermanos Emiliozzi y calle 130,<\/strong> el Centro Deportivo y Recreativo Municipal \u201cDiego Armando Maradona\u201d, emplazado en el predio del Ex Matadero Municipal, se afianza como un<strong> espacio abierto de desarrollo de la comunidad, en el cual se generan espacios de aprendizaje y recreaci\u00f3n.<\/strong><\/p>\n\n\n\n<p><\/p>\n\n\n\n<p>En este sentido es que se comenzar\u00e1n a brindar distintas actividades, dise\u00f1adas desde la Secretar\u00eda de Desarrollo de la Comunidad, a trav\u00e9s de las Subsecretar\u00edas de Deportes, Cultura, Desarrollo Social y Protecci\u00f3n Integral de Derechos. <\/p>\n\n\n\n<p><\/p>\n\n\n\n<p><strong>Cronograma completo <\/strong><\/p>\n\n\n\n<p><\/p>\n\n\n\n<p><strong>LUNES<\/strong><\/p>\n\n\n\n<p>Entrenamiento para adultos (+18 a\u00f1os) de 10:00 a 11:00 horas.<br>Bachata de 14:00 a 15:00 horas. <br>Folklore de 15:00 a 17:00 horas. <br>Callejeada de 17:00 a 20:00 horas. <br>F\u00fatbol Formativo (7 a 14 a\u00f1os) de 18:00 a 19:30 horas. <\/p>\n\n\n\n<p><strong>MARTES<\/strong><\/p>\n\n\n\n<p>Taller de Costura para mujeres y LGBTI+ de 9:00 a 11:00 horas.<br>Ritmos adultos (a partir de 16 a\u00f1os) de 14:00 a 15:00 horas.<br>M\u00fasica de 15:00 a 17:00 horas.<br>B\u00e1squet Formativo de 17:30 a 18:30 horas.<br>B\u00e1squet Femenino (+18 a\u00f1os) de 18:30 a 19:30 horas.<\/p>\n\n\n\n<p><strong>MI\u00c9RCOLES<\/strong><\/p>\n\n\n\n<p>Entrenamiento para adultos (+18 a\u00f1os) de 10:00 a 11:00 horas.<br>Curso de Limpieza Institucional del C.F.P. N\u00b0 401 de 15:00 a 17:00 horas.<br>Callejeada de 17:00 a 20:00 horas.<br>F\u00fatbol Formativo de 18:00 a 19:30 horas.<\/p>\n\n\n\n<p><strong>JUEVES<\/strong><\/p>\n\n\n\n<p>Ritmos Adultos de 14:00 a 15:00 horas.<br>Limpieza Institucional de 15:00 a 17:00 horas.<br>Apoyo Escolar de 17:00 a 20:00 horas.<br>B\u00e1squet Formativo de 17:00 a 18:30 horas.<\/p>\n\n\n\n<p><strong>VIERNES<\/strong><\/p>\n\n\n\n<p>Manos en acci\u00f3n (+60 a\u00f1os) de 9:00 a 10:00 horas.<br>Entrenamiento para adultos (+18 a\u00f1os) de 10:00 a 11:00 horas.<br>Bachata de 14.00 a 15:00 horas.<br>Callejeada de 17:00 a 20:00 horas.<br>F\u00fatbol Formativo de 18:00 a 19:30 horas.<\/p>\n","protected":false},"excerpt":{"rendered":"<p>Con propuestas para todas las edades, se desarrollar\u00e1n disciplinas tanto art\u00edsticas como deportivas y recreativas de lunes a viernes. Se<\/p>\n","protected":false},"author":6,"featured_media":196967,"comment_status":"closed","ping_status":"closed","sticky":false,"template":"","format":"standard","meta":{"_jetpack_memberships_contains_paid_content":false,"footnotes":""},"categories":[9,1],"tags":[],"class_list":["post-196965","post","type-post","status-publish","format-standard","has-post-thumbnail","hentry","category-cultura","category-portada"],"jetpack_featured_media_url":"https:\/\/i0.wp.com\/cdnoticias.com\/wp-content\/uploads\/2026\/03\/diego-maradona-espacio.jpg?fit=900%2C598&ssl=1","jetpack_sharing_enabled":true,"_links":{"self":[{"href":"https:\/\/cdnoticias.com\/index.php\/wp-json\/wp\/v2\/posts\/196965","targetHints":{"allow":["GET"]}}],"collection":[{"href":"https:\/\/cdnoticias.com\/index.php\/wp-json\/wp\/v2\/posts"}],"about":[{"href":"https:\/\/cdnoticias.com\/index.php\/wp-json\/wp\/v2\/types\/post"}],"author":[{"embeddable":true,"href":"https:\/\/cdnoticias.com\/index.php\/wp-json\/wp\/v2\/users\/6"}],"replies":[{"embeddable":true,"href":"https:\/\/cdnoticias.com\/index.php\/wp-json\/wp\/v2\/comments?post=196965"}],"version-history":[{"count":0,"href":"https:\/\/cdnoticias.com\/index.php\/wp-json\/wp\/v2\/posts\/196965\/revisions"}],"wp:featuredmedia":[{"embeddable":true,"href":"https:\/\/cdnoticias.com\/index.php\/wp-json\/wp\/v2\/media\/196967"}],"wp:attachment":[{"href":"https:\/\/cdnoticias.com\/index.php\/wp-json\/wp\/v2\/media?parent=196965"}],"wp:term":[{"taxonomy":"category","embeddable":true,"href":"https:\/\/cdnoticias.com\/index.php\/wp-json\/wp\/v2\/categories?post=196965"},{"taxonomy":"post_tag","embeddable":true,"href":"https:\/\/cdnoticias.com\/index.php\/wp-json\/wp\/v2\/tags?post=196965"}],"curies":[{"name":"wp","href":"https:\/\/api.w.org\/{rel}","templated":true}]}}