{"id":196947,"date":"2026-03-06T19:29:21","date_gmt":"2026-03-06T22:29:21","guid":{"rendered":"https:\/\/cdnoticias.com\/?p=196947"},"modified":"2026-03-07T09:30:40","modified_gmt":"2026-03-07T12:30:40","slug":"la-asamblea-feminista-y-disidente-convoca-a-la-marcha-por-el-8m-este-domingo","status":"publish","type":"post","link":"https:\/\/cdnoticias.com\/index.php\/2026\/03\/06\/la-asamblea-feminista-y-disidente-convoca-a-la-marcha-por-el-8m-este-domingo\/","title":{"rendered":"La Asamblea Feminista y Disidente convoca a la marcha por el 8M este domingo"},"content":{"rendered":"\n<p>Habr\u00e1 festival, feria, testeos de salud y lectura de un documento antes de la movilizaci\u00f3n del domingo. El lunes se realizar\u00e1 un pa\u00f1uelazo en el Paseo Jes\u00fas Mend\u00eda.<\/p>\n\n\n\n<hr class=\"wp-block-separator aligncenter has-alpha-channel-opacity\"\/>\n\n\n\n<p>En el marco del<strong> D\u00eda Internacional de la Mujer Trabajadora y la jornada de paro del 9 de marzo<\/strong>, la <strong>Asamblea Feminista y Disidente de Olavarr\u00eda<\/strong> convoc\u00f3 a una <strong>serie de actividades abiertas en la ciudad que incluir\u00e1n feria, intervenciones culturales, testeos de salud y movilizaciones.<\/strong><\/p>\n\n\n\n<p><\/p>\n\n\n\n<blockquote class=\"wp-block-quote is-layout-flow wp-block-quote-is-layout-flow\">\n<p>Las propuestas comenzar\u00e1n el domingo 8 de marzo desde las 16 horas con un festival y feria. Durante la jornada se realizar\u00e1n testeos r\u00e1pidos de VIH y s\u00edfilis, habr\u00e1 stands informativos, entrega de copitas y materiales para la gesti\u00f3n menstrual, adem\u00e1s de m\u00fasica, cachengue y murga.<\/p>\n<\/blockquote>\n\n\n\n<p><\/p>\n\n\n\n<p><strong><em>&#8220;Este 8M y 9M copamos las calles de todo el territorio, porque no daremos ni un paso atr\u00e1s, porque somos la resistencia y el deseo de querer cambiarlo todo. Gritamos fuera Milei&#8221;<\/em><\/strong> se\u00f1alaron desde la Asamblea. <\/p>\n\n\n\n<p><\/p>\n\n\n\n<blockquote class=\"wp-block-quote is-layout-flow wp-block-quote-is-layout-flow\">\n<p>De acuerdo al cronograma difundido por la organizaci\u00f3n, a las 19 horas se llevar\u00e1 adelante la lectura del documento de la Asamblea Feminista y Disidente. Posteriormente, a las 19:30, est\u00e1 prevista la marcha, para la cual se convoc\u00f3 a las personas participantes a llevar elementos para hacer ruido durante la movilizaci\u00f3n.<\/p>\n<\/blockquote>\n\n\n\n<p><\/p>\n\n\n\n<p>Tras la finalizaci\u00f3n de la marcha se realizar\u00e1 un <strong>\u201cAquelarre transfeminista<\/strong>\u201d. Las actividades <strong>continuar\u00e1n el lunes 9 de marzo, en el marco de un paro activo<\/strong>, con un <strong>pa\u00f1uelazo a las 19 horas en el Paseo Jes\u00fas Mend\u00eda.<\/strong><\/p>\n\n\n\n<p><\/p>\n\n\n\n<p>La convocatoria fue difundida por la <strong>Asamblea Feminista y Disidente loca<\/strong>l, que llam\u00f3 a participar de las jornadas de movilizaci\u00f3n y actividades en la ciudad.<\/p>\n\n\n\n<p><\/p>\n","protected":false},"excerpt":{"rendered":"<p>Habr\u00e1 festival, feria, testeos de salud y lectura de un documento antes de la movilizaci\u00f3n del domingo. El lunes se<\/p>\n","protected":false},"author":6,"featured_media":110719,"comment_status":"closed","ping_status":"closed","sticky":false,"template":"","format":"standard","meta":{"_jetpack_memberships_contains_paid_content":false,"footnotes":""},"categories":[3,1],"tags":[],"class_list":["post-196947","post","type-post","status-publish","format-standard","has-post-thumbnail","hentry","category-genero","category-portada"],"jetpack_featured_media_url":"https:\/\/i0.wp.com\/cdnoticias.com\/wp-content\/uploads\/2024\/03\/8m-2024-olavarria1.jpg?fit=1110%2C618&ssl=1","jetpack_sharing_enabled":true,"_links":{"self":[{"href":"https:\/\/cdnoticias.com\/index.php\/wp-json\/wp\/v2\/posts\/196947","targetHints":{"allow":["GET"]}}],"collection":[{"href":"https:\/\/cdnoticias.com\/index.php\/wp-json\/wp\/v2\/posts"}],"about":[{"href":"https:\/\/cdnoticias.com\/index.php\/wp-json\/wp\/v2\/types\/post"}],"author":[{"embeddable":true,"href":"https:\/\/cdnoticias.com\/index.php\/wp-json\/wp\/v2\/users\/6"}],"replies":[{"embeddable":true,"href":"https:\/\/cdnoticias.com\/index.php\/wp-json\/wp\/v2\/comments?post=196947"}],"version-history":[{"count":0,"href":"https:\/\/cdnoticias.com\/index.php\/wp-json\/wp\/v2\/posts\/196947\/revisions"}],"wp:featuredmedia":[{"embeddable":true,"href":"https:\/\/cdnoticias.com\/index.php\/wp-json\/wp\/v2\/media\/110719"}],"wp:attachment":[{"href":"https:\/\/cdnoticias.com\/index.php\/wp-json\/wp\/v2\/media?parent=196947"}],"wp:term":[{"taxonomy":"category","embeddable":true,"href":"https:\/\/cdnoticias.com\/index.php\/wp-json\/wp\/v2\/categories?post=196947"},{"taxonomy":"post_tag","embeddable":true,"href":"https:\/\/cdnoticias.com\/index.php\/wp-json\/wp\/v2\/tags?post=196947"}],"curies":[{"name":"wp","href":"https:\/\/api.w.org\/{rel}","templated":true}]}}