{"id":196929,"date":"2026-03-09T21:16:40","date_gmt":"2026-03-10T00:16:40","guid":{"rendered":"https:\/\/cdnoticias.com\/?p=196929"},"modified":"2026-03-09T21:16:42","modified_gmt":"2026-03-10T00:16:42","slug":"biblioteca-popular-armando-collinet-abre-la-inscripcion-a-sus-talleres-de-abril","status":"publish","type":"post","link":"https:\/\/cdnoticias.com\/index.php\/2026\/03\/09\/biblioteca-popular-armando-collinet-abre-la-inscripcion-a-sus-talleres-de-abril\/","title":{"rendered":"Biblioteca Popular Armando Collinet: abre la inscripci\u00f3n a sus talleres de abril"},"content":{"rendered":"\n<p>Se trata de cinco propuestas destinadas a ni\u00f1os, ni\u00f1as y adultos. Cupos disponibles.&nbsp;<\/p>\n\n\n\n<hr class=\"wp-block-separator aligncenter has-alpha-channel-opacity\"\/>\n\n\n\n<p>La<strong> Biblioteca Popular Armando Collinet <\/strong>brindar\u00e1 <strong>diversos talleres a partir del mes de abril.\u00a0<\/strong><\/p>\n\n\n\n<p><\/p>\n\n\n\n<blockquote class=\"wp-block-quote is-layout-flow wp-block-quote-is-layout-flow\">\n<p>Se trata de propuestas destinadas a ni\u00f1os, ni\u00f1as y adultos. Hay cupos disponibles y las inscripciones ya est\u00e1n abiertas.<\/p>\n<\/blockquote>\n\n\n\n<p><\/p>\n\n\n\n<p><strong>Conoc\u00e9 todas las propuestas&nbsp;<\/strong><\/p>\n\n\n\n<ul class=\"wp-block-list\">\n<li><strong>\u201cPeque\u00f1as historias, grandes mundos\u201d<\/strong>, a cargo de Antonella Olmedo. Est\u00e1 dirigido a ni\u00f1os y ni\u00f1as de 4 a 6 a\u00f1os. Se desarrollar\u00e1 los viernes de 14 a 15:30 horas.<\/li>\n\n\n\n<li><strong>Arteterapia<\/strong>, coordinado por Sandra Sanabria. Es para ni\u00f1os y ni\u00f1as de 5 a 10 a\u00f1os. Se realizar\u00e1 los viernes de 16 a 17:45 horas.<\/li>\n\n\n\n<li><strong>Oratoria<\/strong>, con Agustina Teixeira. Destinado a adultos. Se desarrollar\u00e1 los lunes de 14 a 15:30 horas y tendr\u00e1 con una duraci\u00f3n de cuatro encuentros.<\/li>\n\n\n\n<li><strong>Escritura Creativa<\/strong>, a cargo de Diego Javier Rojas. Destinado a adultos. Contar\u00e1 con dos turnos disponibles: jueves de 9:30 a 10:30 horas y lunes de 18:30 a 19:30 horas.<\/li>\n\n\n\n<li><strong>Club de Lectura<\/strong>, coordinado por Elena Caprani, para adultos. Se llevar\u00e1 adelante los martes de 14 a 15:30 horas.<\/li>\n<\/ul>\n\n\n\n<p><\/p>\n\n\n\n<p>Para consultas e inscripciones, la comunidad puede comunicarse por<strong> WhatsApp al 2284-545589, por Instagram (@biblioarmandocollinet), por Facebook (Biblioteca Popular Armando Collinet),<\/strong> por correo electr\u00f3nico a <strong>biblioarmandocollinetredes@gmail.com<\/strong>, o acercarse personalmente a <strong>Alsina 2659.<\/strong><\/p>\n\n\n\n<p><\/p>\n","protected":false},"excerpt":{"rendered":"<p>Se trata de cinco propuestas destinadas a ni\u00f1os, ni\u00f1as y adultos. Cupos disponibles.&nbsp; La Biblioteca Popular Armando Collinet brindar\u00e1 diversos<\/p>\n","protected":false},"author":6,"featured_media":196932,"comment_status":"closed","ping_status":"closed","sticky":false,"template":"","format":"standard","meta":{"_jetpack_memberships_contains_paid_content":false,"footnotes":""},"categories":[9,1],"tags":[],"class_list":["post-196929","post","type-post","status-publish","format-standard","has-post-thumbnail","hentry","category-cultura","category-portada"],"jetpack_featured_media_url":"https:\/\/i0.wp.com\/cdnoticias.com\/wp-content\/uploads\/2026\/03\/armando-collinet-biblio.jpg?fit=900%2C506&ssl=1","jetpack_sharing_enabled":true,"_links":{"self":[{"href":"https:\/\/cdnoticias.com\/index.php\/wp-json\/wp\/v2\/posts\/196929","targetHints":{"allow":["GET"]}}],"collection":[{"href":"https:\/\/cdnoticias.com\/index.php\/wp-json\/wp\/v2\/posts"}],"about":[{"href":"https:\/\/cdnoticias.com\/index.php\/wp-json\/wp\/v2\/types\/post"}],"author":[{"embeddable":true,"href":"https:\/\/cdnoticias.com\/index.php\/wp-json\/wp\/v2\/users\/6"}],"replies":[{"embeddable":true,"href":"https:\/\/cdnoticias.com\/index.php\/wp-json\/wp\/v2\/comments?post=196929"}],"version-history":[{"count":0,"href":"https:\/\/cdnoticias.com\/index.php\/wp-json\/wp\/v2\/posts\/196929\/revisions"}],"wp:featuredmedia":[{"embeddable":true,"href":"https:\/\/cdnoticias.com\/index.php\/wp-json\/wp\/v2\/media\/196932"}],"wp:attachment":[{"href":"https:\/\/cdnoticias.com\/index.php\/wp-json\/wp\/v2\/media?parent=196929"}],"wp:term":[{"taxonomy":"category","embeddable":true,"href":"https:\/\/cdnoticias.com\/index.php\/wp-json\/wp\/v2\/categories?post=196929"},{"taxonomy":"post_tag","embeddable":true,"href":"https:\/\/cdnoticias.com\/index.php\/wp-json\/wp\/v2\/tags?post=196929"}],"curies":[{"name":"wp","href":"https:\/\/api.w.org\/{rel}","templated":true}]}}