{"id":196905,"date":"2026-03-06T14:13:40","date_gmt":"2026-03-06T17:13:40","guid":{"rendered":"https:\/\/cdnoticias.com\/?p=196905"},"modified":"2026-03-06T17:01:09","modified_gmt":"2026-03-06T20:01:09","slug":"xv-premios-dina-pontoni-se-reconocera-a-57-mujeres-de-olavarria-en-once-categorias","status":"publish","type":"post","link":"https:\/\/cdnoticias.com\/index.php\/2026\/03\/06\/xv-premios-dina-pontoni-se-reconocera-a-57-mujeres-de-olavarria-en-once-categorias\/","title":{"rendered":"XV Premios Dina Pontoni: se reconocer\u00e1 a 57 mujeres de Olavarr\u00eda en once categor\u00edas"},"content":{"rendered":"<p>La entrega de reconocimientos ser\u00e1 este domingo a las 20 en el Teatro Municipal.<!--more--><\/p>\n<hr \/>\n<p>\u00a0<\/p>\n\n\n<p>El <strong>Honorable Concejo Deliberante de Olavarr\u00eda<\/strong> realizar\u00e1 <strong>este domingo 8 de marzo a las 20 horas <\/strong>en el <strong>Teatro Municipal<\/strong> la <strong>XV edici\u00f3n de los Premios Dina Pontoni y Florentina G\u00f3mez Miranda<\/strong>, en el marco de la conmemoraci\u00f3n del<strong> D\u00eda Internacional de las Mujeres Trabajadoras.<\/strong><\/p>\n\n\n\n<p><\/p>\n\n\n\n<blockquote class=\"wp-block-quote is-layout-flow wp-block-quote-is-layout-flow\">\n<p>En esta edici\u00f3n fueron postuladas 57 mujeres en once categor\u00edas, que reflejan el compromiso, la trayectoria y el aporte de vecinas de la comunidad en \u00e1mbitos sociales, culturales, educativos, productivos, pol\u00edticos y solidarios.<\/p>\n<\/blockquote>\n\n\n\n<p><\/p>\n\n\n\n<p>La ceremonia comenzar\u00e1 con un<strong> espect\u00e1culo de tango a cargo del Ensamble de mujeres \u201c8 M\u201d<\/strong>, una formaci\u00f3n art\u00edstica conformada especialmente para esta ocasi\u00f3n.<\/p>\n\n\n\n<p><\/p>\n\n\n\n<p>Los Premios Dina Pontoni y Florentina G\u00f3mez Miranda son organizados por el Honorable Concejo Deliberante y est\u00e1n a cargo de la <strong>Comisi\u00f3n de G\u00e9nero, integrada por Guillermina Amespil, Telma Cazot y Liliana Schwindt<\/strong>.<\/p>\n\n\n\n<p><\/p>\n\n\n\n<p>&#8220;Estos reconocimientos tienen como objetivo<strong> visibilizar el trabajo cotidiano de mujeres que generan transformaciones y aportan al crecimiento colectivo<\/strong> de Olavarr\u00eda&#8221; indic\u00f3 el HCD.<\/p>\n\n\n\n<p><\/p>\n\n\n\n<p>El lema elegido para esta edici\u00f3n es <strong>\u201cDerechos, justicia y acci\u00f3n por y para todas las mujeres y ni\u00f1as\u201d<\/strong>, en consonancia con el tema propuesto por ONU Mujeres para el D\u00eda Internacional de las Mujeres Trabajadoras 2026, que convoca a derribar barreras estructurales que impiden la igualdad ante la justicia.<\/p>\n\n\n\n<p><\/p>\n\n\n\n<h2 class=\"wp-block-heading\">XV Premios Dina Pontoni: mujeres postuladas por categor\u00eda<\/h2>\n\n\n\n<p><\/p>\n\n\n\n<p>&#8211; <strong>Compromiso con el Desarrollo Sociocomunitario<\/strong><br>Lorena Merlo<br>Mariela Riva de Neira<br>Mariana Luj\u00e1n Moreno<br>Soledad Marisol Rinaldi<br>Elena Riveros<br>Norberta Pozo<br>Betty Peralta<br>Mirta Rossi<br>Paola Jerez<br>Mirta Mart\u00ednez<br>Myriam Ayelef<br>Mariela Zabaleta<\/p>\n\n\n\n<p><\/p>\n\n\n\n<p>&#8211; <strong>Compromiso con la pol\u00edtica y los Derechos Humanos<\/strong><br>Catalina Clar Wagner<br>Mar\u00eda Luisa Quintana<br>Ver\u00f3nica Paz<\/p>\n\n\n\n<p><\/p>\n\n\n\n<p>&#8211; <strong>Compromiso con el arte, la cultura y la espiritualidad<\/strong><br>Julieta Magnani<br>Mar\u00eda Delia Barbato<br>Cecilia Alves<br>Gladys Stoessel<br>Nora Solle<\/p>\n\n\n\n<p><\/p>\n\n\n\n<p>&#8211; <strong>Compromiso con la educaci\u00f3n, la ciencia, la tecnolog\u00eda y el ambiente<\/strong><br>Julia Bintana<br>Stella Pasquariello<br>Mar\u00eda Angelina Ojeda Leiva<br>Elisa Ortiz<br>Sandra Roman<br>Mar\u00eda In\u00e9s Berrino<br>Carolina Bonavetti<br>Mar\u00eda Celia Idiart<\/p>\n\n\n\n<p><\/p>\n\n\n\n<p>&#8211; <strong>Compromiso con el derecho a la informaci\u00f3n y la comunicaci\u00f3n<\/strong><br>Soledad Restivo<br>Giselle Bricka<\/p>\n\n\n\n<p><\/p>\n\n\n\n<p>&#8211; <strong>Compromiso con el deporte<\/strong><br>Yamila Oreste<br>Corina Monta\u00f1ez<br>Lorena Agoutborde<br>Andrea Serris<\/p>\n\n\n\n<p><\/p>\n\n\n\n<p>&#8211; <strong>Compromiso con la empresa, el comercio y la econom\u00eda popular<\/strong><br>Natalia Lizarazo<br>Estefan\u00eda Cerrudo<br>Mariel Cerrudo<br>Mariela Guevara<br>Olga Raquel Calvo<\/p>\n\n\n\n<p><\/p>\n\n\n\n<p>&#8211; <strong>Compromiso con el campo y la vida rural<\/strong><br>Juana Levano Ram\u00edrez<br>Norma Urruty<br>Ana Mar\u00eda Peroggi<br>Lucrecia Sabattini<\/p>\n\n\n\n<p><\/p>\n\n\n\n<p>&#8211; <strong>Compromiso con la salud<\/strong><br>Andrea Chiodi<br>Maite Salerno<br>Marianela Pacheco Ripoll<br>Judith Recavarren<br>Alejandra Capriata<br>Patricia Abraham<\/p>\n\n\n\n<p><\/p>\n\n\n\n<p>&#8211; <strong>Compromiso con la igualdad de g\u00e9nero<\/strong><br>Silvia Vega<br>Vanesa Velazco<br>Natasha Targiano<br>Victoria Altavista<br>Jimena Torres<\/p>\n\n\n\n<p><\/p>\n\n\n\n<p>&#8211; <strong>Compromiso con la equidad de g\u00e9nero<\/strong><br>Guadalupe D\u00edaz<br>Agustina Loos<br>Mar\u00eda de los \u00c1ngeles Bevacqua.<\/p>\n\n\n\n<p><\/p>\n","protected":false},"excerpt":{"rendered":"<p>La entrega de reconocimientos ser\u00e1 este domingo a las 20 en el Teatro Municipal.<\/p>\n","protected":false},"author":4,"featured_media":194662,"comment_status":"closed","ping_status":"closed","sticky":false,"template":"","format":"standard","meta":{"_jetpack_memberships_contains_paid_content":false,"footnotes":""},"categories":[3,1],"tags":[],"class_list":["post-196905","post","type-post","status-publish","format-standard","has-post-thumbnail","hentry","category-genero","category-portada"],"jetpack_featured_media_url":"https:\/\/i0.wp.com\/cdnoticias.com\/wp-content\/uploads\/2026\/02\/HCD-genero-dina-pontoni-2026.jpg?fit=1000%2C556&ssl=1","jetpack_sharing_enabled":true,"_links":{"self":[{"href":"https:\/\/cdnoticias.com\/index.php\/wp-json\/wp\/v2\/posts\/196905","targetHints":{"allow":["GET"]}}],"collection":[{"href":"https:\/\/cdnoticias.com\/index.php\/wp-json\/wp\/v2\/posts"}],"about":[{"href":"https:\/\/cdnoticias.com\/index.php\/wp-json\/wp\/v2\/types\/post"}],"author":[{"embeddable":true,"href":"https:\/\/cdnoticias.com\/index.php\/wp-json\/wp\/v2\/users\/4"}],"replies":[{"embeddable":true,"href":"https:\/\/cdnoticias.com\/index.php\/wp-json\/wp\/v2\/comments?post=196905"}],"version-history":[{"count":0,"href":"https:\/\/cdnoticias.com\/index.php\/wp-json\/wp\/v2\/posts\/196905\/revisions"}],"wp:featuredmedia":[{"embeddable":true,"href":"https:\/\/cdnoticias.com\/index.php\/wp-json\/wp\/v2\/media\/194662"}],"wp:attachment":[{"href":"https:\/\/cdnoticias.com\/index.php\/wp-json\/wp\/v2\/media?parent=196905"}],"wp:term":[{"taxonomy":"category","embeddable":true,"href":"https:\/\/cdnoticias.com\/index.php\/wp-json\/wp\/v2\/categories?post=196905"},{"taxonomy":"post_tag","embeddable":true,"href":"https:\/\/cdnoticias.com\/index.php\/wp-json\/wp\/v2\/tags?post=196905"}],"curies":[{"name":"wp","href":"https:\/\/api.w.org\/{rel}","templated":true}]}}