{"id":196832,"date":"2026-03-10T09:49:34","date_gmt":"2026-03-10T12:49:34","guid":{"rendered":"https:\/\/cdnoticias.com\/?p=196832"},"modified":"2026-03-10T09:49:36","modified_gmt":"2026-03-10T12:49:36","slug":"cena-y-baile-de-los-gauchos-peregrinos-de-san-francisco-de-asis","status":"publish","type":"post","link":"https:\/\/cdnoticias.com\/index.php\/2026\/03\/10\/cena-y-baile-de-los-gauchos-peregrinos-de-san-francisco-de-asis\/","title":{"rendered":"Cena y baile de los Gauchos Peregrinos de San Francisco de As\u00eds"},"content":{"rendered":"<p>Ya comenz\u00f3 la venta de entradas a beneficio de la agrupaci\u00f3n. El evento se realizar\u00e1 el 21 de marzo.<!--more--><\/p>\n<hr \/>\n<p>\u00a0<\/p>\n\n\n<p>Los <strong>Gauchos Peregrinos de San Francisco de As\u00eds <\/strong>tendr\u00e1n<strong> una cena y baile <\/strong>el pr\u00f3ximo <strong>s\u00e1bado 21 de marzo.<\/strong><\/p>\n\n\n\n<p><\/p>\n\n\n\n<p>El encuentro se har\u00e1 <strong>en la sede del Club Mariano Moreno<\/strong>, el men\u00fa ya est\u00e1 definido y se anunci\u00f3 la animaci\u00f3n del grupo <strong>Dulce Morena.<\/strong><\/p>\n\n\n\n<p><\/p>\n\n\n\n<p><strong>Las entradas son numeradas y ya est\u00e1n a la venta.<\/strong> Pueden conseguirse en el comercio Mate Amargo de Pringles y Necochea, y se vender\u00e1n hasta el mismo 21 de marzo.<\/p>\n","protected":false},"excerpt":{"rendered":"<p>Ya comenz\u00f3 la venta de entradas a beneficio de la agrupaci\u00f3n. El evento se realizar\u00e1 el 21 de marzo.<\/p>\n","protected":false},"author":4,"featured_media":76965,"comment_status":"closed","ping_status":"closed","sticky":false,"template":"","format":"standard","meta":{"_jetpack_memberships_contains_paid_content":false,"footnotes":""},"categories":[9,1],"tags":[],"class_list":["post-196832","post","type-post","status-publish","format-standard","has-post-thumbnail","hentry","category-cultura","category-portada"],"jetpack_featured_media_url":"https:\/\/i0.wp.com\/cdnoticias.com\/wp-content\/uploads\/2023\/02\/mariano-moreno-01-scaled.jpg?fit=2560%2C1424&ssl=1","jetpack_sharing_enabled":true,"_links":{"self":[{"href":"https:\/\/cdnoticias.com\/index.php\/wp-json\/wp\/v2\/posts\/196832","targetHints":{"allow":["GET"]}}],"collection":[{"href":"https:\/\/cdnoticias.com\/index.php\/wp-json\/wp\/v2\/posts"}],"about":[{"href":"https:\/\/cdnoticias.com\/index.php\/wp-json\/wp\/v2\/types\/post"}],"author":[{"embeddable":true,"href":"https:\/\/cdnoticias.com\/index.php\/wp-json\/wp\/v2\/users\/4"}],"replies":[{"embeddable":true,"href":"https:\/\/cdnoticias.com\/index.php\/wp-json\/wp\/v2\/comments?post=196832"}],"version-history":[{"count":0,"href":"https:\/\/cdnoticias.com\/index.php\/wp-json\/wp\/v2\/posts\/196832\/revisions"}],"wp:featuredmedia":[{"embeddable":true,"href":"https:\/\/cdnoticias.com\/index.php\/wp-json\/wp\/v2\/media\/76965"}],"wp:attachment":[{"href":"https:\/\/cdnoticias.com\/index.php\/wp-json\/wp\/v2\/media?parent=196832"}],"wp:term":[{"taxonomy":"category","embeddable":true,"href":"https:\/\/cdnoticias.com\/index.php\/wp-json\/wp\/v2\/categories?post=196832"},{"taxonomy":"post_tag","embeddable":true,"href":"https:\/\/cdnoticias.com\/index.php\/wp-json\/wp\/v2\/tags?post=196832"}],"curies":[{"name":"wp","href":"https:\/\/api.w.org\/{rel}","templated":true}]}}