{"id":19675,"date":"2021-04-23T12:44:32","date_gmt":"2021-04-23T15:44:32","guid":{"rendered":"http:\/\/www.centraldenoticias.com.ar\/?p=19675"},"modified":"2021-04-23T15:45:55","modified_gmt":"2021-04-23T18:45:55","slug":"ya-se-cambio-el-techo-de-la-escuela-primaria-no-50","status":"publish","type":"post","link":"https:\/\/cdnoticias.com\/index.php\/2021\/04\/23\/ya-se-cambio-el-techo-de-la-escuela-primaria-no-50\/","title":{"rendered":"Ya se cambi\u00f3 el techo de la Escuela Primaria N\u00ba 50"},"content":{"rendered":"<p>La Municipalidad present\u00f3 los avances en la obra de Espa\u00f1a y Mitre, y el intendente Ezequiel Galli se mostr\u00f3 en el lugar. Los ba\u00f1os tambi\u00e9n tendr\u00e1n mejoras.<\/p>\n<p><!--more--><\/p>\n<hr \/>\n<p>El intendente<strong> Ezequiel Galli<\/strong> visit\u00f3 la<strong> Escuela Primaria N\u00ba 50<\/strong> quien estuvo acompa\u00f1ado por el secretario de Mantenimiento y Obras P\u00fablicas de la Municipalidad, Julio Ferraro, para recorrer <a href=\"https:\/\/cdnoticias.com\/index.php\/2021\/01\/14\/reiniciaron-las-obras-en-la-escuela-primaria-n-50\/\" target=\"_blank\" rel=\"noopener\"><strong>los avances de las obras<\/strong><\/a> en la cual se invirtieron <strong>casi 17 millones de pesos<\/strong> con recursos del Fondo Educativo.<\/p>\n<p>&nbsp;<\/p>\n<p>La escuela se encuentra ubicada en <strong>Espa\u00f1a y Mitre<\/strong> y ya se retir\u00f3 el techo de fibrocemento para reemplazarlo por uno nuevo y as\u00ed brindar <strong>mejores condiciones para la comunidad educativa<\/strong>.<\/p>\n<p><img data-recalc-dims=\"1\" loading=\"lazy\" decoding=\"async\" class=\"aligncenter wp-image-19677 size-large\" src=\"https:\/\/i0.wp.com\/cdnoticias.com\/wp-content\/uploads\/2021\/04\/Obras-Escuela-N%C2%B0-50-1-scaled-1024x684.jpg?resize=800%2C534&#038;ssl=1\" alt=\"\" width=\"800\" height=\"534\" srcset=\"https:\/\/i0.wp.com\/cdnoticias.com\/wp-content\/uploads\/2021\/04\/Obras-Escuela-N%C2%B0-50-1-scaled.jpg?resize=1024%2C684&amp;ssl=1 1024w, https:\/\/i0.wp.com\/cdnoticias.com\/wp-content\/uploads\/2021\/04\/Obras-Escuela-N%C2%B0-50-1-scaled.jpg?resize=300%2C201&amp;ssl=1 300w, https:\/\/i0.wp.com\/cdnoticias.com\/wp-content\/uploads\/2021\/04\/Obras-Escuela-N%C2%B0-50-1-scaled.jpg?resize=768%2C513&amp;ssl=1 768w, https:\/\/i0.wp.com\/cdnoticias.com\/wp-content\/uploads\/2021\/04\/Obras-Escuela-N%C2%B0-50-1-scaled.jpg?resize=272%2C182&amp;ssl=1 272w, https:\/\/i0.wp.com\/cdnoticias.com\/wp-content\/uploads\/2021\/04\/Obras-Escuela-N%C2%B0-50-1-scaled.jpg?w=1600&amp;ssl=1 1600w, https:\/\/i0.wp.com\/cdnoticias.com\/wp-content\/uploads\/2021\/04\/Obras-Escuela-N%C2%B0-50-1-scaled.jpg?w=2400&amp;ssl=1 2400w\" sizes=\"auto, (max-width: 800px) 100vw, 800px\" \/><\/p>\n<p>Adem\u00e1s est\u00e1n reformando <strong>los ba\u00f1os<\/strong> los cuales se encontraban en malas condiciones y se realizar\u00e1 un <strong>nuevo acceso al patio.<\/strong><\/p>\n<p>&nbsp;<\/p>\n<p>Por \u00faltimo se construir\u00e1 un ba\u00f1o para <strong>personas con movilidad reducida<\/strong> y el espacio donde se encontraba el kiosco y el dep\u00f3sito ser\u00e1 para el taller de pl\u00e1stica y un laboratorio.<\/p>\n<p>&nbsp;<\/p>\n<p>Cabe aclarar que por las obras realizadas en este momento, \u00a0la Escuela N\u00ba 50 pas\u00f3 a funcionar en la <strong>Sociedad de Fomento \u201cMariano Moreno\u201d<\/strong><\/p>\n","protected":false},"excerpt":{"rendered":"<p>La Municipalidad present\u00f3 los avances en la obra de Espa\u00f1a y Mitre, y el intendente Ezequiel Galli se mostr\u00f3 en<\/p>\n","protected":false},"author":6,"featured_media":19676,"comment_status":"closed","ping_status":"closed","sticky":false,"template":"","format":"standard","meta":{"_jetpack_memberships_contains_paid_content":false,"footnotes":""},"categories":[5,1],"tags":[],"class_list":["post-19675","post","type-post","status-publish","format-standard","has-post-thumbnail","hentry","category-informacion-general","category-portada"],"jetpack_featured_media_url":"https:\/\/i0.wp.com\/cdnoticias.com\/wp-content\/uploads\/2021\/04\/Obras-Escuela-N%C2%B0-50-2.jpg?fit=1181%2C787&ssl=1","jetpack_sharing_enabled":true,"_links":{"self":[{"href":"https:\/\/cdnoticias.com\/index.php\/wp-json\/wp\/v2\/posts\/19675","targetHints":{"allow":["GET"]}}],"collection":[{"href":"https:\/\/cdnoticias.com\/index.php\/wp-json\/wp\/v2\/posts"}],"about":[{"href":"https:\/\/cdnoticias.com\/index.php\/wp-json\/wp\/v2\/types\/post"}],"author":[{"embeddable":true,"href":"https:\/\/cdnoticias.com\/index.php\/wp-json\/wp\/v2\/users\/6"}],"replies":[{"embeddable":true,"href":"https:\/\/cdnoticias.com\/index.php\/wp-json\/wp\/v2\/comments?post=19675"}],"version-history":[{"count":0,"href":"https:\/\/cdnoticias.com\/index.php\/wp-json\/wp\/v2\/posts\/19675\/revisions"}],"wp:featuredmedia":[{"embeddable":true,"href":"https:\/\/cdnoticias.com\/index.php\/wp-json\/wp\/v2\/media\/19676"}],"wp:attachment":[{"href":"https:\/\/cdnoticias.com\/index.php\/wp-json\/wp\/v2\/media?parent=19675"}],"wp:term":[{"taxonomy":"category","embeddable":true,"href":"https:\/\/cdnoticias.com\/index.php\/wp-json\/wp\/v2\/categories?post=19675"},{"taxonomy":"post_tag","embeddable":true,"href":"https:\/\/cdnoticias.com\/index.php\/wp-json\/wp\/v2\/tags?post=19675"}],"curies":[{"name":"wp","href":"https:\/\/api.w.org\/{rel}","templated":true}]}}