{"id":19639,"date":"2021-04-22T19:26:42","date_gmt":"2021-04-22T22:26:42","guid":{"rendered":"http:\/\/www.centraldenoticias.com.ar\/?p=19639"},"modified":"2021-04-22T19:26:54","modified_gmt":"2021-04-22T22:26:54","slug":"covid19-mas-de-500-muertes-y-27-mil-nuevos-casos-en-el-pais","status":"publish","type":"post","link":"https:\/\/cdnoticias.com\/index.php\/2021\/04\/22\/covid19-mas-de-500-muertes-y-27-mil-nuevos-casos-en-el-pais\/","title":{"rendered":"Covid19: M\u00e1s de 500 muertes y 27 mil nuevos casos en el pa\u00eds"},"content":{"rendered":"<p>M\u00e1s de 300 de esos fallecimientos se registraron en la provincia de Buenos Aires, que tambi\u00e9n tuvo cerca de 13 mil testeos positivos.<!--more--><\/p>\n<hr \/>\n<p><strong>Otras 537 personas murieron y 27.216 fueron reportadas con coronavirus en las \u00faltimas 24 horas en la Argentina<\/strong>, con lo que suman 60.620 los fallecidos y 2.796.768 los contagiados desde el inicio de la pandemia, inform\u00f3 este jueves el Ministerio de Salud. Vale destacar que<strong> se llevaron a cabo cerca de 100 mil testeos en todo el territorio nacional.<\/strong><\/p>\n<p>&nbsp;<\/p>\n<p>El reporte consign\u00f3 que<strong> murieron 322 hombres y 212 mujeres<\/strong>, mientras que 1 persona de la provincia de Buenos Aires y 1 de la Ciudad de Buenos Aires, y 1 en Entre R\u00edos fueron reportadas sin dato de sexo.<\/p>\n<p>&nbsp;<\/p>\n<p><img data-recalc-dims=\"1\" loading=\"lazy\" decoding=\"async\" class=\"alignnone size-full wp-image-19640\" src=\"https:\/\/i0.wp.com\/cdnoticias.com\/wp-content\/uploads\/2021\/04\/6061e8a2b38dd_1004x565.jpg?resize=800%2C450&#038;ssl=1\" alt=\"\" width=\"800\" height=\"450\" srcset=\"https:\/\/i0.wp.com\/cdnoticias.com\/wp-content\/uploads\/2021\/04\/6061e8a2b38dd_1004x565.jpg?w=1004&amp;ssl=1 1004w, https:\/\/i0.wp.com\/cdnoticias.com\/wp-content\/uploads\/2021\/04\/6061e8a2b38dd_1004x565.jpg?resize=300%2C169&amp;ssl=1 300w, https:\/\/i0.wp.com\/cdnoticias.com\/wp-content\/uploads\/2021\/04\/6061e8a2b38dd_1004x565.jpg?resize=768%2C432&amp;ssl=1 768w\" sizes=\"auto, (max-width: 800px) 100vw, 800px\" \/><\/p>\n<p>&nbsp;<\/p>\n<p><strong>Murieron 192 hombres en la provincia de Buenos Aires<\/strong>; 32 en la Ciudad de Buenos Aires; 6 en Chaco; 12 en Corrientes; 10 en C\u00f3rdoba; 5 en Entre R\u00edos; 1 en Formosa; 4 en Jujuy; 4 en La Pampa; 1 en La Rioja; 11 en Mendoza; 2 en Misiones; 6 en Neuqu\u00e9n; 3 en R\u00edo Negro; 1 en Salta; 2 en San Luis; 3 en Santa Cruz; 23 en Santa Fe; y 4 en Tucum\u00e1n.<\/p>\n<p>&nbsp;<\/p>\n<p><strong>Tambi\u00e9n fallecieron 134 mujeres en Buenos Aires<\/strong>; 25 en Ciudad de Buenos Aires; 4 en Corrientes; 8 en C\u00f3rdoba; 1 en Entre R\u00edos; 1 en Formosa; 2 en Jujuy; 2 en La Pampa; 8 en Mendoza; 2 en Misiones; 2 en Neuqu\u00e9n; 2 en R\u00edo Negro; 1 en Salta; 2 en San Juan; 1 en San Luis; 14 en Santa Fe; 1 en Santiago del Estero; y 2 en Tucum\u00e1n.<\/p>\n<p>&nbsp;<\/p>\n<p><strong><em>Por distrito<\/em><\/strong><\/p>\n<p>&nbsp;<\/p>\n<p><strong>Este jueves se registraron en la provincia de Buenos Aires 12.949 casos<\/strong>; en la Ciudad de Buenos Aires, 3.560; en Catamarca, 203; en Chaco, 183; en Chubut, 227; en Corrientes, 337; en C\u00f3rdoba, 1.805; en Entre R\u00edos, 640; en Formosa, 127; en Jujuy, 105; en La Pampa, 260; en La Rioja, 73; en Mendoza, 1.036; en Misiones, 168; en Neuqu\u00e9n, 231; en R\u00edo Negro, 316; en Salta, 262; en San Juan, 347; en San Luis, 783; en Santa Cruz, 197; en Santa Fe, 2.059; en Santiago del Estero, 297; Tierra del Fuego, 136; y en Tucum\u00e1n 915.<\/p>\n<p>&nbsp;<\/p>\n<p><strong>El total de acumulados por distrito indica que la provincia de Buenos Aires suma 1.213.670 casos<\/strong>; la Ciudad de Buenos Aires, 319.294; Catamarca, 13.528; Chaco, 42.915; Chubut, 53.464; Corrientes, 35.685; C\u00f3rdoba 214.586; Entre R\u00edos, 58.502; Formosa, 3.861; Jujuy, 24.098; La Pampa, 25.184; La Rioja, 12.841; Mendoza, 90.008; Misiones, 14.728; Neuqu\u00e9n, 68.663; R\u00edo Negro, 59.202; Salta, 33.224; San Juan, 21.375; San Luis, 32.671; Santa Cruz, 43.120; Santa Fe, 260.274; Santiago del Estero, 29.084; Tierra del Fuego, 25.796; y Tucum\u00e1n, 100.959.<\/p>\n<p>&nbsp;<\/p>\n<p><strong>Se incluyen 17 casos existentes en las Islas Malvinas seg\u00fan informaci\u00f3n de prensa<\/strong> (debido a la ocupaci\u00f3n ilegal del Reino Unido, Gran Breta\u00f1a e Irlanda del Norte no es posible contar con informaci\u00f3n propia sobre el impacto de la Covid-19 en esa parte del territorio argentino).<\/p>\n<p>&nbsp;<\/p>\n<p><em>Fuente y fotos T\u00e9lam<\/em><\/p>\n","protected":false},"excerpt":{"rendered":"<p>M\u00e1s de 300 de esos fallecimientos se registraron en la provincia de Buenos Aires, que tambi\u00e9n tuvo cerca de 13<\/p>\n","protected":false},"author":3,"featured_media":19641,"comment_status":"closed","ping_status":"closed","sticky":false,"template":"","format":"standard","meta":{"_jetpack_memberships_contains_paid_content":false,"footnotes":""},"categories":[6,1],"tags":[],"class_list":["post-19639","post","type-post","status-publish","format-standard","has-post-thumbnail","hentry","category-nacionales","category-portada"],"jetpack_featured_media_url":"https:\/\/i0.wp.com\/cdnoticias.com\/wp-content\/uploads\/2021\/04\/5f0c306e87ae0_1004x565.jpg?fit=1004%2C565&ssl=1","jetpack_sharing_enabled":true,"_links":{"self":[{"href":"https:\/\/cdnoticias.com\/index.php\/wp-json\/wp\/v2\/posts\/19639","targetHints":{"allow":["GET"]}}],"collection":[{"href":"https:\/\/cdnoticias.com\/index.php\/wp-json\/wp\/v2\/posts"}],"about":[{"href":"https:\/\/cdnoticias.com\/index.php\/wp-json\/wp\/v2\/types\/post"}],"author":[{"embeddable":true,"href":"https:\/\/cdnoticias.com\/index.php\/wp-json\/wp\/v2\/users\/3"}],"replies":[{"embeddable":true,"href":"https:\/\/cdnoticias.com\/index.php\/wp-json\/wp\/v2\/comments?post=19639"}],"version-history":[{"count":0,"href":"https:\/\/cdnoticias.com\/index.php\/wp-json\/wp\/v2\/posts\/19639\/revisions"}],"wp:featuredmedia":[{"embeddable":true,"href":"https:\/\/cdnoticias.com\/index.php\/wp-json\/wp\/v2\/media\/19641"}],"wp:attachment":[{"href":"https:\/\/cdnoticias.com\/index.php\/wp-json\/wp\/v2\/media?parent=19639"}],"wp:term":[{"taxonomy":"category","embeddable":true,"href":"https:\/\/cdnoticias.com\/index.php\/wp-json\/wp\/v2\/categories?post=19639"},{"taxonomy":"post_tag","embeddable":true,"href":"https:\/\/cdnoticias.com\/index.php\/wp-json\/wp\/v2\/tags?post=19639"}],"curies":[{"name":"wp","href":"https:\/\/api.w.org\/{rel}","templated":true}]}}