{"id":19597,"date":"2021-04-22T16:19:52","date_gmt":"2021-04-22T19:19:52","guid":{"rendered":"http:\/\/www.centraldenoticias.com.ar\/?p=19597"},"modified":"2021-04-22T16:19:52","modified_gmt":"2021-04-22T19:19:52","slug":"suspension-del-recital-de-el-plan-de-la-mariposa","status":"publish","type":"post","link":"https:\/\/cdnoticias.com\/index.php\/2021\/04\/22\/suspension-del-recital-de-el-plan-de-la-mariposa\/","title":{"rendered":"Suspensi\u00f3n del recital de El Plan de la Mariposa"},"content":{"rendered":"<p>Se dio a conocer esta semana que se suspendi\u00f3 el recital de El Plan de La Mariposa programado para el 30 de abril en el Teatro Municipal.\u00a0<!--more--><\/p>\n<hr \/>\n<p><strong>El Plan de la Mariposa<\/strong><a href=\"https:\/\/cdnoticias.com\/index.php\/2021\/04\/20\/se-suspendio-el-recital-de-el-plan-de-la-mariposa\/\"> se iba a presentar el <strong>pr\u00f3ximo 30 de abril<\/strong> en el Teatro Municipal<\/a> pero debi\u00f3 ser <strong>suspendido<\/strong> por la situaci\u00f3n sanitaria local.<\/p>\n<p>&nbsp;<\/p>\n<p>De todas maneras, la banda sac\u00f3 un<strong> comunicado oficial<\/strong> en el cual aclararon que <strong>la fecha va a ser reprogramada<\/strong> &#8220;cuando est\u00e9n dadas las condiciones para hacerla&#8221;.<\/p>\n<p>&nbsp;<\/p>\n<p>Las entradas adquiridas <strong>conservan su validez<\/strong> para cuando se confirmen las pr\u00f3ximas fechas, inform\u00f3 la banda. Adem\u00e1s se destac\u00f3 que en caso de solicitar la devoluci\u00f3n de las mismas deber\u00e1n contactarse con los medios donde fueron compradas.<\/p>\n","protected":false},"excerpt":{"rendered":"<p>Se dio a conocer esta semana que se suspendi\u00f3 el recital de El Plan de La Mariposa programado para el<\/p>\n","protected":false},"author":6,"featured_media":19604,"comment_status":"closed","ping_status":"closed","sticky":false,"template":"","format":"standard","meta":{"_jetpack_memberships_contains_paid_content":false,"footnotes":""},"categories":[9,1],"tags":[],"class_list":["post-19597","post","type-post","status-publish","format-standard","has-post-thumbnail","hentry","category-cultura","category-portada"],"jetpack_featured_media_url":"https:\/\/i0.wp.com\/cdnoticias.com\/wp-content\/uploads\/2021\/04\/Muro-Olavarria_suspendido-1.jpg?fit=3408%2C4260&ssl=1","jetpack_sharing_enabled":true,"_links":{"self":[{"href":"https:\/\/cdnoticias.com\/index.php\/wp-json\/wp\/v2\/posts\/19597","targetHints":{"allow":["GET"]}}],"collection":[{"href":"https:\/\/cdnoticias.com\/index.php\/wp-json\/wp\/v2\/posts"}],"about":[{"href":"https:\/\/cdnoticias.com\/index.php\/wp-json\/wp\/v2\/types\/post"}],"author":[{"embeddable":true,"href":"https:\/\/cdnoticias.com\/index.php\/wp-json\/wp\/v2\/users\/6"}],"replies":[{"embeddable":true,"href":"https:\/\/cdnoticias.com\/index.php\/wp-json\/wp\/v2\/comments?post=19597"}],"version-history":[{"count":0,"href":"https:\/\/cdnoticias.com\/index.php\/wp-json\/wp\/v2\/posts\/19597\/revisions"}],"wp:featuredmedia":[{"embeddable":true,"href":"https:\/\/cdnoticias.com\/index.php\/wp-json\/wp\/v2\/media\/19604"}],"wp:attachment":[{"href":"https:\/\/cdnoticias.com\/index.php\/wp-json\/wp\/v2\/media?parent=19597"}],"wp:term":[{"taxonomy":"category","embeddable":true,"href":"https:\/\/cdnoticias.com\/index.php\/wp-json\/wp\/v2\/categories?post=19597"},{"taxonomy":"post_tag","embeddable":true,"href":"https:\/\/cdnoticias.com\/index.php\/wp-json\/wp\/v2\/tags?post=19597"}],"curies":[{"name":"wp","href":"https:\/\/api.w.org\/{rel}","templated":true}]}}