{"id":19558,"date":"2021-04-22T10:00:23","date_gmt":"2021-04-22T13:00:23","guid":{"rendered":"http:\/\/www.centraldenoticias.com.ar\/?p=19558"},"modified":"2021-04-22T10:06:27","modified_gmt":"2021-04-22T13:06:27","slug":"bolivar-castelli-villegas-y-zarate-se-oficializo-la-suspension-de-clases-presenciales","status":"publish","type":"post","link":"https:\/\/cdnoticias.com\/index.php\/2021\/04\/22\/bolivar-castelli-villegas-y-zarate-se-oficializo-la-suspension-de-clases-presenciales\/","title":{"rendered":"Bol\u00edvar, Castelli, Villegas y Z\u00e1rate: se oficializ\u00f3 la suspensi\u00f3n de clases presenciales"},"content":{"rendered":"<p>Son los distritos que pidieron pasar a fase 2. La medida es por 15 d\u00edas y comenzar\u00e1 a regir desde el pr\u00f3ximo lunes.<!--more--><\/p>\n<hr \/>\n<p><strong>El Gobierno provincial oficializ\u00f3 este jueves la suspensi\u00f3n de las clases presenciales por 15 d\u00edas, desde el lunes pr\u00f3ximo<\/strong>, en los municipios que esta semana pidieron ubicarse en fase 2 por el crecimiento los contagios. Se trata de <strong>Bol\u00edvar, Castelli, Z\u00e1rate y algunas localidades de General Villega<\/strong>s.<\/p>\n<p>&nbsp;<\/p>\n<p>La medida fue dispuesta a trav\u00e9s de la <strong>resoluci\u00f3n conjunta 61 del jefe de Gabinete, Carlos Bianco, y la directora general de Cultura y Educaci\u00f3n, Agustina Vila<\/strong>, publicada este jueves en el Bolet\u00edn Oficial.<\/p>\n<p>&nbsp;<\/p>\n<p><strong>Los intendentes de Bol\u00edvar, Castelli, General Villegas y Z\u00e1rate pidieron esta semana al Gobierno provincial retroceder a fase 2<\/strong> por la situaci\u00f3n de las terapias intensivas locales en el marco de un exponencial crecimiento de los casos.<\/p>\n<p>&nbsp;<\/p>\n<p>As\u00ed, se suman a los restantes 35 municipios del AMBA que se encuentran actualmente en esa fase, la m\u00e1s restrictiva del sistema, dentro de la cual, entre otras medidas se encuentra la suspensi\u00f3n temporal de la presencialidad escolar.<\/p>\n<p>&nbsp;<\/p>\n<blockquote><p>\u201cEstablecer, como medida excepcional, temporaria y focalizada, la suspensi\u00f3n de las clases presenciales y las actividades educativas no escolares presenciales en todos los niveles y en todas sus modalidades en los municipios en Bol\u00edvar, Castelli, Z\u00e1rate y General Villegas por 14 d\u00edas corridos, a partir del 26 de abril de 2021\u201d, se se\u00f1al\u00f3 en la medida.<\/p><\/blockquote>\n<p>&nbsp;<\/p>\n<p>Adem\u00e1s, se aclar\u00f3 que <strong>en General Villegas la resoluci\u00f3n \u201cno alcanza las localidades de Santa Eleodora, Villa Saboya, Ca\u00f1ada Seca, Coronel Charlone y Villa Sauce\u201d<\/strong>, ya que son pueblos que no tienen alta densidad de contagios.<\/p>\n<p>&nbsp;<\/p>\n<p>\u201cLa medida dispuesta por la presente resoluci\u00f3n ser\u00e1 aplicable a todo el Sistema Educativo de la Provincia de Buenos Aires, de conformidad con lo establecido en la Ley N\u00b0 13.688, comprendiendo los establecimientos educativos de gesti\u00f3n estatal y de gesti\u00f3n privada\u201d, se remarc\u00f3.<\/p>\n<p>&nbsp;<\/p>\n<p>El martes pasado, <a href=\"https:\/\/cdnoticias.com\/index.php\/2021\/04\/20\/olavarria-sigue-en-fase-3-y-habra-mas-municipios-en-fase-2\/\" target=\"_blank\" rel=\"noopener\">Bianco plante\u00f3 en conferencia de prensa<\/a>, que <strong>la suspensi\u00f3n temporal de clases en esos distritos bonaerenses hab\u00eda sido consensuada con cada uno de los intendentes<\/strong>. <a href=\"https:\/\/cdnoticias.com\/index.php\/2021\/04\/21\/el-intendente-de-bolivar-pidio-el-pase-a-fase-2\/\" target=\"_blank\" rel=\"noopener\">En el caso de Bol\u00edvar se present\u00f3 el pedido en las \u00faltimas horas<\/a>.<\/p>\n<p>&nbsp;<\/p>\n<p>En los fundamentos del texto, se record\u00f3 que mediante un <strong>decreto presidencial<\/strong> se dict\u00f3 para el \u00c1rea Metropolitana de Buenos Aires (AMBA) una serie de medidas, entre ellas la suspensi\u00f3n del dictado de clases presenciales en todos los niveles y en todas sus modalidades, desde el 19 de abril hasta el 30 de abril.<\/p>\n<p>&nbsp;<\/p>\n<p>Fuente: <em>Agencia DIB<\/em><\/p>\n","protected":false},"excerpt":{"rendered":"<p>Son los distritos que pidieron pasar a fase 2. La medida es por 15 d\u00edas y comenzar\u00e1 a regir desde<\/p>\n","protected":false},"author":4,"featured_media":3454,"comment_status":"closed","ping_status":"closed","sticky":false,"template":"","format":"standard","meta":{"_jetpack_memberships_contains_paid_content":false,"footnotes":""},"categories":[6,1],"tags":[],"class_list":["post-19558","post","type-post","status-publish","format-standard","has-post-thumbnail","hentry","category-nacionales","category-portada"],"jetpack_featured_media_url":"https:\/\/i0.wp.com\/cdnoticias.com\/wp-content\/uploads\/2020\/10\/Nuevo-paisaje.jpg?fit=2500%2C1373&ssl=1","jetpack_sharing_enabled":true,"_links":{"self":[{"href":"https:\/\/cdnoticias.com\/index.php\/wp-json\/wp\/v2\/posts\/19558","targetHints":{"allow":["GET"]}}],"collection":[{"href":"https:\/\/cdnoticias.com\/index.php\/wp-json\/wp\/v2\/posts"}],"about":[{"href":"https:\/\/cdnoticias.com\/index.php\/wp-json\/wp\/v2\/types\/post"}],"author":[{"embeddable":true,"href":"https:\/\/cdnoticias.com\/index.php\/wp-json\/wp\/v2\/users\/4"}],"replies":[{"embeddable":true,"href":"https:\/\/cdnoticias.com\/index.php\/wp-json\/wp\/v2\/comments?post=19558"}],"version-history":[{"count":0,"href":"https:\/\/cdnoticias.com\/index.php\/wp-json\/wp\/v2\/posts\/19558\/revisions"}],"wp:featuredmedia":[{"embeddable":true,"href":"https:\/\/cdnoticias.com\/index.php\/wp-json\/wp\/v2\/media\/3454"}],"wp:attachment":[{"href":"https:\/\/cdnoticias.com\/index.php\/wp-json\/wp\/v2\/media?parent=19558"}],"wp:term":[{"taxonomy":"category","embeddable":true,"href":"https:\/\/cdnoticias.com\/index.php\/wp-json\/wp\/v2\/categories?post=19558"},{"taxonomy":"post_tag","embeddable":true,"href":"https:\/\/cdnoticias.com\/index.php\/wp-json\/wp\/v2\/tags?post=19558"}],"curies":[{"name":"wp","href":"https:\/\/api.w.org\/{rel}","templated":true}]}}