{"id":19463,"date":"2021-04-21T09:40:29","date_gmt":"2021-04-21T12:40:29","guid":{"rendered":"http:\/\/www.centraldenoticias.com.ar\/?p=19463"},"modified":"2021-04-21T09:42:14","modified_gmt":"2021-04-21T12:42:14","slug":"el-intendente-de-bolivar-pidio-el-pase-a-fase-2","status":"publish","type":"post","link":"https:\/\/cdnoticias.com\/index.php\/2021\/04\/21\/el-intendente-de-bolivar-pidio-el-pase-a-fase-2\/","title":{"rendered":"El Intendente de Bol\u00edvar pidi\u00f3 el pase a fase 2"},"content":{"rendered":"<p>De confirmarse se sumar\u00eda a otros tres municipios del interior que ya lo hicieron. Hay m\u00e1s de 800 casos activos de Covid y ocupaci\u00f3n casi total en el hospital en el vecino distrito.<!--more--><\/p>\n<hr \/>\n<p><strong>El intendente de Bol\u00edvar, Marcos Pisano, pidi\u00f3 al Gobierno de Axel Kicillof el pase de Bol\u00edvar a Fase 2,<\/strong> ante un foco fuerte de coronavirus que se da en esa ciudad bonaerense y que mantiene <strong>actualmente a 813 casos activos<\/strong>.<\/p>\n<p>&nbsp;<\/p>\n<p>La informaci\u00f3n surgi\u00f3 de forma oficial luego de que el jefe comunal mantuviera <strong>una reuni\u00f3n con los referentes de los bloques de concejales<\/strong> que conforman los partidos pol\u00edticos locales y que apoyaron la solicitud ante la complejidad del panorama.<\/p>\n<p>&nbsp;<\/p>\n<blockquote class=\"twitter-tweet\">\n<p dir=\"ltr\" lang=\"es\">Convoqu\u00e9 a representantes de las fuerzas pol\u00edticas para compartir la situaci\u00f3n sanitaria que nos toca atravesar.<br \/>\nCon la certeza de que Bol\u00edvar nos necesita unidos, les solicit\u00e9 dejar a un lado las diferencias pol\u00edticas para trabajar juntos a la altura que la situaci\u00f3n nos exige. <a href=\"https:\/\/t.co\/7kwHYaFjYN\">pic.twitter.com\/7kwHYaFjYN<\/a><\/p>\n<p>\u2014 Marcos Pisano (@MarcosEPisano) <a href=\"https:\/\/twitter.com\/MarcosEPisano\/status\/1384845305733124100?ref_src=twsrc%5Etfw\">April 21, 2021<\/a><\/p><\/blockquote>\n<p><script async src=\"https:\/\/platform.twitter.com\/widgets.js\" charset=\"utf-8\"><\/script><\/p>\n<p>En ella estuvieron presentes la concejal del Frente de Todos Laura Rodr\u00edguez, el concejal del Bloque UCR Jos\u00e9 Gabriel Erreca, la concejal de Juntos por el Cambio Laura Hern\u00e1ndez y del Frente Juntos por el Cambio- UCR Coalici\u00f3n C\u00edvica Mar\u00eda Emilia Nattielo.<\/p>\n<p>&nbsp;<\/p>\n<blockquote><p>En la jornada del martes se sumaron 66 nuevos casos de Covid en el vecino distrito y se mantiene en 28 el total de fallecimientos. La tasa de positividad se ubica cerca de 30%.<\/p><\/blockquote>\n<p>&nbsp;<\/p>\n<p><img data-recalc-dims=\"1\" loading=\"lazy\" decoding=\"async\" class=\"aligncenter wp-image-19469\" src=\"https:\/\/i0.wp.com\/cdnoticias.com\/wp-content\/uploads\/2021\/04\/BOlivar-pisano.jpg?resize=600%2C400&#038;ssl=1\" alt=\"\" width=\"600\" height=\"400\" srcset=\"https:\/\/i0.wp.com\/cdnoticias.com\/wp-content\/uploads\/2021\/04\/BOlivar-pisano.jpg?resize=300%2C200&amp;ssl=1 300w, https:\/\/i0.wp.com\/cdnoticias.com\/wp-content\/uploads\/2021\/04\/BOlivar-pisano.jpg?resize=768%2C512&amp;ssl=1 768w, https:\/\/i0.wp.com\/cdnoticias.com\/wp-content\/uploads\/2021\/04\/BOlivar-pisano.jpg?resize=1024%2C683&amp;ssl=1 1024w, https:\/\/i0.wp.com\/cdnoticias.com\/wp-content\/uploads\/2021\/04\/BOlivar-pisano.jpg?resize=272%2C182&amp;ssl=1 272w, https:\/\/i0.wp.com\/cdnoticias.com\/wp-content\/uploads\/2021\/04\/BOlivar-pisano.jpg?w=1080&amp;ssl=1 1080w\" sizes=\"auto, (max-width: 600px) 100vw, 600px\" \/><\/p>\n<p>&nbsp;<\/p>\n<p>En las \u00faltimas horas <strong>Castelli, General Villegas y Z\u00e1rate pasaron a fase 2<\/strong>, la etapa que comenz\u00f3 a reutilizarse en los \u00faltimos d\u00edas para los distritos que se encuentran en las situaciones m\u00e1s cr\u00edticas. As\u00ed, se suman a 35 municipios del \u00c1rea Metropolitana de Buenos Aires (AMBA) y son 38 los que se encuentran en este escenario.<\/p>\n<p>&nbsp;<\/p>\n<p>De pasar Bol\u00edvar a fase 2 tendr\u00eda clases virtuales y no presenciales. Adem\u00e1s, la restricci\u00f3n horaria comercial es de 19 a 6 de la ma\u00f1ana: incluye a bares y restaurantes al aire libre. La circulaci\u00f3n se corta entre las 20 y las 6. Entre otras actividades, no pueden funcionar los cines, los talleres culturales, los jardines maternales, los natatorios, los gimnasios en espacios cerrados, los shoppings y los bingos.<\/p>\n<p>&nbsp;<\/p>\n<p>Fuente: <em>Agencia DIB y Diario La Ma\u00f1ana<\/em><\/p>\n","protected":false},"excerpt":{"rendered":"<p>De confirmarse se sumar\u00eda a otros tres municipios del interior que ya lo hicieron. Hay m\u00e1s de 800 casos activos<\/p>\n","protected":false},"author":4,"featured_media":19464,"comment_status":"closed","ping_status":"closed","sticky":false,"template":"","format":"standard","meta":{"_jetpack_memberships_contains_paid_content":false,"footnotes":""},"categories":[6,1],"tags":[],"class_list":["post-19463","post","type-post","status-publish","format-standard","has-post-thumbnail","hentry","category-nacionales","category-portada"],"jetpack_featured_media_url":"https:\/\/i0.wp.com\/cdnoticias.com\/wp-content\/uploads\/2021\/04\/DIB-BOLIVAR-Pisano-800x533.jpg?fit=800%2C533&ssl=1","jetpack_sharing_enabled":true,"_links":{"self":[{"href":"https:\/\/cdnoticias.com\/index.php\/wp-json\/wp\/v2\/posts\/19463","targetHints":{"allow":["GET"]}}],"collection":[{"href":"https:\/\/cdnoticias.com\/index.php\/wp-json\/wp\/v2\/posts"}],"about":[{"href":"https:\/\/cdnoticias.com\/index.php\/wp-json\/wp\/v2\/types\/post"}],"author":[{"embeddable":true,"href":"https:\/\/cdnoticias.com\/index.php\/wp-json\/wp\/v2\/users\/4"}],"replies":[{"embeddable":true,"href":"https:\/\/cdnoticias.com\/index.php\/wp-json\/wp\/v2\/comments?post=19463"}],"version-history":[{"count":0,"href":"https:\/\/cdnoticias.com\/index.php\/wp-json\/wp\/v2\/posts\/19463\/revisions"}],"wp:featuredmedia":[{"embeddable":true,"href":"https:\/\/cdnoticias.com\/index.php\/wp-json\/wp\/v2\/media\/19464"}],"wp:attachment":[{"href":"https:\/\/cdnoticias.com\/index.php\/wp-json\/wp\/v2\/media?parent=19463"}],"wp:term":[{"taxonomy":"category","embeddable":true,"href":"https:\/\/cdnoticias.com\/index.php\/wp-json\/wp\/v2\/categories?post=19463"},{"taxonomy":"post_tag","embeddable":true,"href":"https:\/\/cdnoticias.com\/index.php\/wp-json\/wp\/v2\/tags?post=19463"}],"curies":[{"name":"wp","href":"https:\/\/api.w.org\/{rel}","templated":true}]}}