{"id":19439,"date":"2021-04-20T19:54:29","date_gmt":"2021-04-20T22:54:29","guid":{"rendered":"http:\/\/www.centraldenoticias.com.ar\/?p=19439"},"modified":"2021-04-20T20:34:23","modified_gmt":"2021-04-20T23:34:23","slug":"buscan-intensamente-a-un-chico-azuleno-que-fue-visto-en-olavarria","status":"publish","type":"post","link":"https:\/\/cdnoticias.com\/index.php\/2021\/04\/20\/buscan-intensamente-a-un-chico-azuleno-que-fue-visto-en-olavarria\/","title":{"rendered":"Buscan intensamente a un chico azule\u00f1o que fue visto en Olavarr\u00eda"},"content":{"rendered":"<p>Tiene 17 a\u00f1os y testigos lo vieron haciendo dedo en uno de los accesos a nuestra ciudad. Se habr\u00eda dirigido con destino al sur bonaerense.<!--more--><\/p>\n<hr \/>\n<p>Desde la Estaci\u00f3n Departamental de Seguridad de Azul se encuentra en marcha una<strong> intensa b\u00fasqueda de un adolescente de 17 a\u00f1os<\/strong>, quien fue visto por \u00faltima vez en la noche del \u00faltimo lunes, cuando se habr\u00eda dirigido con destino a lo de un familiar, lugar donde nunca arrib\u00f3.<\/p>\n<p>&nbsp;<\/p>\n<p>Seg\u00fan se precis\u00f3, se trata de Thiago Go\u00f1i, quien alrededor de las 20 del lunes se habr\u00eda dirigido hacia la casa de su padre, seg\u00fan narr\u00f3 su madre en la denuncia radicada en las \u00faltimas horas. Sin embargo <strong>en el inicio de la tarde de este martes tom\u00f3 conocimiento que su hijo fue visto haciendo dedo sobre la Ruta 51, a la altura del acceso a nuestra ciudad.<\/strong><\/p>\n<p>&nbsp;<\/p>\n<p>Thiago es delgado, de aproximadamente 1,75 de altura, t\u00e9z trigue\u00f1a, cabello lacio corto, color negro, actualmente te\u00f1ido de color naranja, ojos color marr\u00f3n, con aritos en ambas orejas y un piercing circular en su nariz, tatuado en su brazo derecho con el rostro de un payaso y un en pierna izquierda una fantasma. <strong>Al momento de retirarse el mismo vest\u00eda\u00a0 remera color gris y jean color claro<\/strong><\/p>\n<p>&nbsp;<\/p>\n<p>Las actuaciones se encuentran caratuladas como \u201caveriguaci\u00f3n de paradero\u201d y<strong> se especula con que habr\u00eda seguido viaje con direcci\u00f3n hacia Bah\u00eda Blanca.<\/strong><\/p>\n","protected":false},"excerpt":{"rendered":"<p>Tiene 17 a\u00f1os y testigos lo vieron haciendo dedo en uno de los accesos a nuestra ciudad. Se habr\u00eda dirigido<\/p>\n","protected":false},"author":3,"featured_media":19440,"comment_status":"closed","ping_status":"closed","sticky":false,"template":"","format":"standard","meta":{"_jetpack_memberships_contains_paid_content":false,"footnotes":""},"categories":[14,1],"tags":[],"class_list":["post-19439","post","type-post","status-publish","format-standard","has-post-thumbnail","hentry","category-policiales","category-portada"],"jetpack_featured_media_url":"https:\/\/i0.wp.com\/cdnoticias.com\/wp-content\/uploads\/2021\/04\/portada-busqueda.jpg?fit=800%2C445&ssl=1","jetpack_sharing_enabled":true,"_links":{"self":[{"href":"https:\/\/cdnoticias.com\/index.php\/wp-json\/wp\/v2\/posts\/19439","targetHints":{"allow":["GET"]}}],"collection":[{"href":"https:\/\/cdnoticias.com\/index.php\/wp-json\/wp\/v2\/posts"}],"about":[{"href":"https:\/\/cdnoticias.com\/index.php\/wp-json\/wp\/v2\/types\/post"}],"author":[{"embeddable":true,"href":"https:\/\/cdnoticias.com\/index.php\/wp-json\/wp\/v2\/users\/3"}],"replies":[{"embeddable":true,"href":"https:\/\/cdnoticias.com\/index.php\/wp-json\/wp\/v2\/comments?post=19439"}],"version-history":[{"count":0,"href":"https:\/\/cdnoticias.com\/index.php\/wp-json\/wp\/v2\/posts\/19439\/revisions"}],"wp:featuredmedia":[{"embeddable":true,"href":"https:\/\/cdnoticias.com\/index.php\/wp-json\/wp\/v2\/media\/19440"}],"wp:attachment":[{"href":"https:\/\/cdnoticias.com\/index.php\/wp-json\/wp\/v2\/media?parent=19439"}],"wp:term":[{"taxonomy":"category","embeddable":true,"href":"https:\/\/cdnoticias.com\/index.php\/wp-json\/wp\/v2\/categories?post=19439"},{"taxonomy":"post_tag","embeddable":true,"href":"https:\/\/cdnoticias.com\/index.php\/wp-json\/wp\/v2\/tags?post=19439"}],"curies":[{"name":"wp","href":"https:\/\/api.w.org\/{rel}","templated":true}]}}