{"id":19425,"date":"2021-04-21T08:20:56","date_gmt":"2021-04-21T11:20:56","guid":{"rendered":"http:\/\/www.centraldenoticias.com.ar\/?p=19425"},"modified":"2021-04-21T10:58:06","modified_gmt":"2021-04-21T13:58:06","slug":"artes-visuales-la-idea-es-empezar-el-2022-en-el-nuevo-edificio","status":"publish","type":"post","link":"https:\/\/cdnoticias.com\/index.php\/2021\/04\/21\/artes-visuales-la-idea-es-empezar-el-2022-en-el-nuevo-edificio\/","title":{"rendered":"Artes Visuales: \u201cLa idea es empezar el 2022 en el nuevo edificio\u201d"},"content":{"rendered":"<p>El director de la Escuela de Artes Visuales \u201cMiguel \u00c1ngel Galgano\u201d dialog\u00f3 con Central de Noticias acerca de la obtenci\u00f3n del edificio nuevo para la instituci\u00f3n.\u00a0<!--more--><\/p>\n<hr \/>\n<p><em>Por <a href=\"https:\/\/twitter.com\/DanisaJaime\" target=\"_blank\" rel=\"noopener\">@DanisaJaime<\/a><\/em><\/p>\n<p>&nbsp;<\/p>\n<p>El director de la Escuela de Artes Visuales \u201cMiguel \u00c1ngel Galgano\u201d dialog\u00f3 con <em><strong>Central de Noticias<\/strong><\/em> acerca de la obtenci\u00f3n del edificio nuevo para la instituci\u00f3n. Fabi\u00e1n Iglesias cont\u00f3 tambi\u00e9n los proyectos que se vienen a partir del pr\u00f3ximo mes de mayo. <strong>Un reclamo de a\u00f1os que se volvi\u00f3 realidad.<\/strong><\/p>\n<p>&nbsp;<\/p>\n<p><em>\u00bfQu\u00e9 significa tener un edificio propio despu\u00e9s de tantos a\u00f1os de lucha?<\/em><\/p>\n<p>&nbsp;<\/p>\n<p>Es como<strong> un sue\u00f1o cumplido<\/strong>, un alcanzar una meta despu\u00e9s de tanto trabajo no solo de nuestro de equipo de gesti\u00f3n, sino de tantos profesores, centro de estudiantes y estudiantes que han luchado porque nuestra instituci\u00f3n tenga una sede propia, un espacio donde podamos proyectarnos, donde podamos hacer crecer la escuela hacia una mayor cantidad de matr\u00edculas o pensar en nuevas carreras.<\/p>\n<p>&nbsp;<\/p>\n<p><img data-recalc-dims=\"1\" loading=\"lazy\" decoding=\"async\" class=\"alignnone size-full wp-image-19431\" src=\"https:\/\/i0.wp.com\/cdnoticias.com\/wp-content\/uploads\/2021\/04\/portada-artes-.jpg?resize=800%2C439&#038;ssl=1\" alt=\"\" width=\"800\" height=\"439\" srcset=\"https:\/\/i0.wp.com\/cdnoticias.com\/wp-content\/uploads\/2021\/04\/portada-artes-.jpg?w=802&amp;ssl=1 802w, https:\/\/i0.wp.com\/cdnoticias.com\/wp-content\/uploads\/2021\/04\/portada-artes-.jpg?resize=300%2C165&amp;ssl=1 300w, https:\/\/i0.wp.com\/cdnoticias.com\/wp-content\/uploads\/2021\/04\/portada-artes-.jpg?resize=768%2C421&amp;ssl=1 768w, https:\/\/i0.wp.com\/cdnoticias.com\/wp-content\/uploads\/2021\/04\/portada-artes-.jpg?resize=800%2C440&amp;ssl=1 800w\" sizes=\"auto, (max-width: 800px) 100vw, 800px\" \/><\/p>\n<p>&nbsp;<\/p>\n<p><em>\u00bfD\u00f3nde queda el edificio y cuando empez\u00f3 la posibilidad de tener un edificio concreto?<\/em><\/p>\n<p>&nbsp;<\/p>\n<p>Este edificio<strong> est\u00e1 ubicado dentro del predio de la Escuela Agropecuaria<\/strong> y hace m\u00e1s de 10 a\u00f1os que est\u00e1 construido. De hecho, se hab\u00eda proyectado para otra instituci\u00f3n de la ciudad, el Instituto 47 de Educaci\u00f3n F\u00edsica, y del que no sabemos porque razones nunca se formaliz\u00f3 el pase del instituto a ese lugar.<\/p>\n<p>&nbsp;<\/p>\n<blockquote><p>\u201cFaltan hacer algunas obras porque este edificio como hace m\u00e1s de 10 a\u00f1os que fue construido ha sido vandalizado, le robaron las ventanas, persianas y la conexi\u00f3n de luz\u201d<\/p><\/blockquote>\n<p>&nbsp;<\/p>\n<p>La posibilidad de tener el edificio en concreto fue <strong>gracias al buen trabajo de Julio Ben\u00edtez como jefe Distrital y de M\u00f3nica Wagner como jefa Regional<\/strong>, el cual hay que destacar. Este a\u00f1o ellos nos invitaron a una reuni\u00f3n, y fuimos con el equipo de gesti\u00f3n y profesores. En la reuni\u00f3n estaban la jefa regional, el jefe distrital y Federico Aguilera, nos comentaron que estaba el edificio para Artes Visuales y que al otro d\u00eda \u00edbamos a tener una reuni\u00f3n en el propio edificio, la cual se concret\u00f3. Federico Aguilera particip\u00f3 de la reuni\u00f3n porque como dirigente de la Provincia, \u00e9l nos estaba gestionando el dinero para terminar de hacerlo habitable. Adem\u00e1s, Aguilera en esta primera reuni\u00f3n nos coment\u00f3 que cuanto antes se pudiera sacar a licitaci\u00f3n mejor, porque una vez que estuviera las obras finalizadas se estrenaba el edificio.<\/p>\n<p>&nbsp;<\/p>\n<blockquote><p>\u201cLa idea es empezar el 2022 en el nuevo edificio. Despu\u00e9s de tanto tiempo de lucha y de muchas veces creer que ten\u00edamos que bajar los brazos porque todas las respuestas eran negativas, falta relativamente poco para encontrarnos con nuestro propio edificio\u201d<\/p><\/blockquote>\n<p>&nbsp;<\/p>\n<p><em>\u00bfQui\u00e9n propuso el lugar?<\/em><\/p>\n<p>&nbsp;<\/p>\n<p>El lugar en concreto lo consiguieron y lo propusieron tanto Julio Ben\u00edtez como M\u00f3nica Wagner trabajando en conjunto. Un d\u00eda ellos nos contaron que fueron a la Escuela Agropecuaria por otro tema de educaci\u00f3n y vieron ese edificio as\u00ed que empezaron a hacer consultas, a investigar porque el edificio estaba sin uso y empezaron a gestionar todo para que el edifico pudiera ser para Artes Visuales.<\/p>\n<p>&nbsp;<\/p>\n<p><em>\u00bfYa tuviste contacto con la directora de la Escuela Agroprecuaria? \u00bfQu\u00e9 piensa de compartir el espacio?<\/em><\/p>\n<p>&nbsp;<\/p>\n<p>S\u00ed, ya tuve una reuni\u00f3n con Sandra Botasi, que es la directora de Escuela Agropecuaria, y la verdad que <strong>la reuni\u00f3n fue muy fruct\u00edfera<\/strong> porque es una persona muy abierta y estaba muy contenta de que ese edificio dejara de ser un lugar abandonado para que perteneciera a una instituci\u00f3n.<\/p>\n<p>&nbsp;<\/p>\n<blockquote><p>\u201cNosotros vamos a utilizar un peque\u00f1o espacio de todo lo que es el predio, el predio de escuela agropecuaria son 80 hect\u00e1reas con una variable de actividades muy amplias.\u00a0\u00a0Es un espacio con las dimensiones que est\u00e1bamos buscando, un espacio dise\u00f1ado con muy buena iluminaci\u00f3n natural y en un predio que es hermoso rodeado de campos y arboledas\u201d<\/p>\n<p>&nbsp;<\/p><\/blockquote>\n<p>En lo que quedamos en esta primera reuni\u00f3n con Sandra, es empezar a <strong>organizar trabajos entre las dos instituciones<\/strong>. Nosotros como escuela de arte podemos brindarle mucho a la escuela agropecuaria y ellos tambi\u00e9n a nosotros, es decir, queremos establecer lazos de trabajo aprovechando de que estamos en el mismo lugar.\u00a0Nunca sentimos ego\u00edsmo ni nada por parte de ellos, al contrario cada vez que hemos ido siempre ha sido muy grato el recibimiento.<\/p>\n<p>&nbsp;<\/p>\n<p><em>\u00bfTe hicieron alg\u00fan planteo en cuanto al transporte y la movilidad?<\/em><\/p>\n<p>&nbsp;<\/p>\n<p>En esa reuni\u00f3n que tuvimos quedamos en que actualmente<strong> ya est\u00e1 el micro interurbano<\/strong>, es decir, los micros que vienen de Sierras Bayas y Loma Negra pasan por ese lugar, lo mismo los micros que salen de Olavarr\u00eda hacia esas localidades. A su vez <strong>el micro urbano que actualmente llega hacia la Facultad de Ingenier\u00eda se prolongar\u00eda el recorrido unas 10 o 15 cuadras hasta la Escuela Agropecuaria<\/strong>, entonces los estudiantes tendr\u00edan tambi\u00e9n micro urbano para llegar al lugar.<\/p>\n<p>&nbsp;<\/p>\n<p><img data-recalc-dims=\"1\" loading=\"lazy\" decoding=\"async\" class=\"alignnone size-full wp-image-19428\" src=\"https:\/\/i0.wp.com\/cdnoticias.com\/wp-content\/uploads\/2021\/04\/artes02.jpg?resize=800%2C444&#038;ssl=1\" alt=\"\" width=\"800\" height=\"444\" srcset=\"https:\/\/i0.wp.com\/cdnoticias.com\/wp-content\/uploads\/2021\/04\/artes02.jpg?w=810&amp;ssl=1 810w, https:\/\/i0.wp.com\/cdnoticias.com\/wp-content\/uploads\/2021\/04\/artes02.jpg?resize=300%2C167&amp;ssl=1 300w, https:\/\/i0.wp.com\/cdnoticias.com\/wp-content\/uploads\/2021\/04\/artes02.jpg?resize=768%2C427&amp;ssl=1 768w, https:\/\/i0.wp.com\/cdnoticias.com\/wp-content\/uploads\/2021\/04\/artes02.jpg?resize=800%2C445&amp;ssl=1 800w\" sizes=\"auto, (max-width: 800px) 100vw, 800px\" \/><\/p>\n<p>&nbsp;<\/p>\n<p><em>\u00bfEl nuevo predio tiene espacios para toda la comunidad educativa?<\/em><\/p>\n<p>&nbsp;<\/p>\n<p>S\u00ed, es un edificio que la verdad <strong>parece que se hubiera \u00a0construido para Artes Visuales<\/strong> porque eran las necesidades que nosotros est\u00e1bamos pidiendo a la hora de tener un nuevo edificio.\u00a0 Un lugar donde podamos agregar mucha m\u00e1s matriculas, son salones muy amplios que es lo que est\u00e1bamos pidiendo sobre todo para lo que son los talleres de pintura y de escultura, lugares amplios donde se pueda trabajar bien y con buena iluminaci\u00f3n natural.<\/p>\n<p>&nbsp;<\/p>\n<p><em>\u00bfHace cuanto est\u00e1n en la calle Pringles?<\/em><\/p>\n<p>&nbsp;<\/p>\n<p>Si no recuerdo mal <strong>creo que en el a\u00f1o 2007 nos mudamos a la calle Pringles o sea ya hace 14 a\u00f1os que estamos.<\/strong> En ese momento Artes Visuales estaba buscando edifico como hasta hace poquito y Coopelectric teniendo ese edificio nos los ofreci\u00f3 moment\u00e1neamente para que Artes Visuales pudiera funcionar. Bueno, ese moment\u00e1neamente duro 14 a\u00f1os.<\/p>\n<p>&nbsp;<\/p>\n<blockquote><p>\u201cQuiero destacar siempre la muy buena predisposici\u00f3n que ha tenido Coopelectric para con nosotros porque no ten\u00edamos un lugar donde funcionar y siempre han sido respuestas favorables\u201d.<\/p><\/blockquote>\n<p>&nbsp;<\/p>\n<p><em>\u00bfC\u00f3mo fue recibida la noticia entre la comunidad educativa?<\/em><\/p>\n<p>&nbsp;<\/p>\n<p>Con respecto a la comunidad Artes Visuales imag\u00ednate que <strong>estamos desde el primero al \u00faltimo s\u00faper felices y es un nuevo desaf\u00edo<\/strong>, porque ahora lo ideal es hacer estemos habitando el lugar lo m\u00e1s r\u00e1pido posible. De hecho\u00a0 ya conformamos como equipo de gesti\u00f3n de la escuela una comisi\u00f3n de trabajo en para que <strong>a partir de mayo vayamos interviniendo el lugar, haciendo jornadas de limpieza, hacer clases en el lugar, proyectar intervenciones<\/strong>, entre otras actividades. Por otro lado me dej\u00f3 muy contento cuando se hizo una reuni\u00f3n de UEGD donde se plante\u00f3 si alguien presentaba una oposici\u00f3n para que Artes Visuales tuviera ese edificio, y absolutamente toda la comunidad educativa desde gremios, inspectores y todas las ramas que participaron estuvieron de acuerdo en que ese edificio fuera para artes visuales.<\/p>\n<p>&nbsp;<\/p>\n<blockquote><p>\u201cEsto creo que da por sentado, o es una muestra de que Artes Visuales est\u00e1 haciendo las cosas bien y toda la comunidad sabe que es muy necesario que tenga su propio edificio\u201d.<\/p><\/blockquote>\n","protected":false},"excerpt":{"rendered":"<p>El director de la Escuela de Artes Visuales \u201cMiguel \u00c1ngel Galgano\u201d dialog\u00f3 con Central de Noticias acerca de la obtenci\u00f3n<\/p>\n","protected":false},"author":2,"featured_media":19430,"comment_status":"closed","ping_status":"closed","sticky":false,"template":"","format":"standard","meta":{"_jetpack_memberships_contains_paid_content":false,"footnotes":""},"categories":[5,1],"tags":[],"class_list":["post-19425","post","type-post","status-publish","format-standard","has-post-thumbnail","hentry","category-informacion-general","category-portada"],"jetpack_featured_media_url":"https:\/\/i0.wp.com\/cdnoticias.com\/wp-content\/uploads\/2021\/04\/artes04.jpg?fit=814%2C444&ssl=1","jetpack_sharing_enabled":true,"_links":{"self":[{"href":"https:\/\/cdnoticias.com\/index.php\/wp-json\/wp\/v2\/posts\/19425","targetHints":{"allow":["GET"]}}],"collection":[{"href":"https:\/\/cdnoticias.com\/index.php\/wp-json\/wp\/v2\/posts"}],"about":[{"href":"https:\/\/cdnoticias.com\/index.php\/wp-json\/wp\/v2\/types\/post"}],"author":[{"embeddable":true,"href":"https:\/\/cdnoticias.com\/index.php\/wp-json\/wp\/v2\/users\/2"}],"replies":[{"embeddable":true,"href":"https:\/\/cdnoticias.com\/index.php\/wp-json\/wp\/v2\/comments?post=19425"}],"version-history":[{"count":0,"href":"https:\/\/cdnoticias.com\/index.php\/wp-json\/wp\/v2\/posts\/19425\/revisions"}],"wp:featuredmedia":[{"embeddable":true,"href":"https:\/\/cdnoticias.com\/index.php\/wp-json\/wp\/v2\/media\/19430"}],"wp:attachment":[{"href":"https:\/\/cdnoticias.com\/index.php\/wp-json\/wp\/v2\/media?parent=19425"}],"wp:term":[{"taxonomy":"category","embeddable":true,"href":"https:\/\/cdnoticias.com\/index.php\/wp-json\/wp\/v2\/categories?post=19425"},{"taxonomy":"post_tag","embeddable":true,"href":"https:\/\/cdnoticias.com\/index.php\/wp-json\/wp\/v2\/tags?post=19425"}],"curies":[{"name":"wp","href":"https:\/\/api.w.org\/{rel}","templated":true}]}}