{"id":193998,"date":"2026-01-30T17:03:07","date_gmt":"2026-01-30T20:03:07","guid":{"rendered":"https:\/\/cdnoticias.com\/?p=193998"},"modified":"2026-01-31T08:18:02","modified_gmt":"2026-01-31T11:18:02","slug":"tarifazo-en-febrero-1686-en-gas-y-359-en-electricidad","status":"publish","type":"post","link":"https:\/\/cdnoticias.com\/index.php\/2026\/01\/30\/tarifazo-en-febrero-1686-en-gas-y-359-en-electricidad\/","title":{"rendered":"Tarifazo en febrero: 16,86% en gas y 3,59% en electricidad"},"content":{"rendered":"<p>Los aumentos son producto de una serie de medidas que entran en vigencia desde el mes pr\u00f3ximo. Nuevos cuadros tarifarios para Camuzzi, TGS y Transba: todos con afectaci\u00f3n en Olavarr\u00eda.<!--more--><\/p>\n<hr \/>\n<p>\u00a0<\/p>\n\n\n<p>Las <strong>tarifas de servicios p\u00fablicos<\/strong> sufrir\u00e1n <strong>fuertes aumentos desde el 1\u00ba de febrero<\/strong> como consecuencia de una serie de medidas tomadas por el Gobierno nacional para <strong>reducir los subsidios<\/strong>.<\/p>\n\n\n\n<p><\/p>\n\n\n\n<p>Las <strong>resoluciones<\/strong> se publicaron este viernes en el Bolet\u00edn Oficial de la Naci\u00f3n y tendr\u00e1n <strong>impacto, directo e indirecto, en Olavarr\u00eda.<\/strong><\/p>\n\n\n\n<p><\/p>\n\n\n\n<p>Cabe recordar que ya comenzaron los<strong> cambios en la pol\u00edtica energ\u00e9tica <\/strong>referida a subsidios con la <a href=\"https:\/\/cdnoticias.com\/index.php\/2026\/01\/16\/entra-en-vigencia-el-sistema-de-subsidios-focalizados\/\" target=\"_blank\" rel=\"noreferrer noopener\">puesta en marcha del Registro de Subsidios Energ\u00e9ticos Focalizados (RESEF).<\/a><\/p>\n\n\n\n<p><\/p>\n\n\n\n<p><strong>La intenci\u00f3n del Gobierno es bajar los subsidios <\/strong>de los 4.000 millones de d\u00f3lares de 2025 a unos <strong>3.000 millones este a\u00f1o<\/strong>. Sostienen que el principal ahorro ser\u00e1 con un<strong> menor consumo<\/strong> de energ\u00eda subvencionada, de hasta 2.850 kilovatios-hora en 2026 (excepto en las provincias del norte, donde se ampli\u00f3 el cupo), frente a los 4.200 kWh que subsidiaba para los usuarios de ingresos bajos y los 3.000 kWh para los de ingresos medios.<\/p>\n\n\n\n<p><\/p>\n\n\n\n<figure class=\"wp-block-embed is-type-wp-embed is-provider-central-de-noticias-olavarr-a wp-block-embed-central-de-noticias-olavarr-a\"><div class=\"wp-block-embed__wrapper\">\n<blockquote class=\"wp-embedded-content\" data-secret=\"WjmDe20Gny\"><a href=\"https:\/\/cdnoticias.com\/index.php\/2026\/01\/26\/cambios-en-los-subsidios-energeticos-nosotros-aconsejamos-que-igual-se-haga-el-tramite-de-inscripcion\/\">Cambios en los subsidios energ\u00e9ticos: \u201cNosotros aconsejamos que igual se haga el tr\u00e1mite de inscripci\u00f3n\u201d<\/a><\/blockquote><iframe loading=\"lazy\" class=\"wp-embedded-content\" sandbox=\"allow-scripts\" security=\"restricted\" style=\"position: absolute; visibility: hidden;\" title=\"&#8220;Cambios en los subsidios energ\u00e9ticos: \u201cNosotros aconsejamos que igual se haga el tr\u00e1mite de inscripci\u00f3n\u201d&#8221; &#8212; Central de Noticias | Olavarr\u00eda\" src=\"https:\/\/cdnoticias.com\/index.php\/2026\/01\/26\/cambios-en-los-subsidios-energeticos-nosotros-aconsejamos-que-igual-se-haga-el-tramite-de-inscripcion\/embed\/#?secret=DWBui5DKuz#?secret=WjmDe20Gny\" data-secret=\"WjmDe20Gny\" width=\"600\" height=\"338\" frameborder=\"0\" marginwidth=\"0\" marginheight=\"0\" scrolling=\"no\"><\/iframe>\n<\/div><\/figure>\n\n\n\n<p><\/p>\n\n\n\n<h2 class=\"wp-block-heading\">Gas<\/h2>\n\n\n\n<p><\/p>\n\n\n\n<blockquote class=\"wp-block-quote is-layout-flow wp-block-quote-is-layout-flow\">\n<p>El incremento m\u00e1s importante ser\u00e1 en la tarifa de gas, que tendr\u00e1 una suba de 16,86% promedio en todo el pa\u00eds.<\/p>\n<\/blockquote>\n\n\n\n<p><\/p>\n\n\n\n<p>En ese sentido, las normativas emitidas dispusieron los <strong>cuadros tarifarios para la transportadora TGS y la distribuidora Camuzzi Gas Pampeana<\/strong> cuya concesi\u00f3n abarca a nuestra regi\u00f3n.<\/p>\n\n\n\n<p><\/p>\n\n\n\n<p>Para los <strong>usuarios residenciales <\/strong>de Camuzzi en Olavarr\u00eda, en la <strong>categor\u00eda R1 -la m\u00e1s baja- sin subsidios<\/strong>, el <strong>cargo fijo pas\u00f3 a 3.664,67 pesos <\/strong>por mes mientras que el <strong>metro c\u00fabico qued\u00f3 en 251,30 pesos<\/strong>. Se presentaron adem\u00e1s los costos para usuarios con <strong>subsidio focalizado al 50% <\/strong>(1.832,34 pesos el cargo fijo y 125,65 pesos el metro c\u00fabico en R1) y con<strong> subsidio al 70% <\/strong>(2.565,27 pesos el cargo fijo y 175,91 pesos el metro c\u00fabico en R1).<\/p>\n\n\n\n<figure class=\"wp-block-image size-full\"><img data-recalc-dims=\"1\" loading=\"lazy\" decoding=\"async\" width=\"800\" height=\"445\" src=\"https:\/\/i0.wp.com\/cdnoticias.com\/wp-content\/uploads\/2026\/01\/camuzzi-cuadro-tarifario-febrero-2026.jpg?resize=800%2C445&#038;ssl=1\" alt=\"\" class=\"wp-image-193999\" srcset=\"https:\/\/i0.wp.com\/cdnoticias.com\/wp-content\/uploads\/2026\/01\/camuzzi-cuadro-tarifario-febrero-2026.jpg?w=1000&amp;ssl=1 1000w, https:\/\/i0.wp.com\/cdnoticias.com\/wp-content\/uploads\/2026\/01\/camuzzi-cuadro-tarifario-febrero-2026.jpg?resize=300%2C167&amp;ssl=1 300w, https:\/\/i0.wp.com\/cdnoticias.com\/wp-content\/uploads\/2026\/01\/camuzzi-cuadro-tarifario-febrero-2026.jpg?resize=768%2C427&amp;ssl=1 768w, https:\/\/i0.wp.com\/cdnoticias.com\/wp-content\/uploads\/2026\/01\/camuzzi-cuadro-tarifario-febrero-2026.jpg?resize=800%2C445&amp;ssl=1 800w\" sizes=\"auto, (max-width: 800px) 100vw, 800px\" \/><\/figure>\n\n\n\n<blockquote class=\"wp-block-quote is-layout-flow wp-block-quote-is-layout-flow\">\n<p>Para esos usuarios, la Secretar\u00eda de Energ\u00eda inform\u00f3 que R1 es la categor\u00eda residencial m\u00e1s numerosa ya que representa el 42% del total (casi 4 millones de usuarios) y que tendr\u00e1 aumentos de 3.000 pesos o menos.<\/p>\n<\/blockquote>\n\n\n\n<p><\/p>\n\n\n\n<p>Acerca de las disposiciones de suba tarifaria, desde el Gobierno nacional argumentaron que<strong> \u201cse busca darle previsibilidad al usuario <\/strong>para que en los meses <strong>donde m\u00e1s necesita consumir gas (invierno) no se le dispare el precio\u201d<\/strong>. De acuerdo con la interpretaci\u00f3n oficial, <strong>\u201cse evita as\u00ed sobresaltos estacionales<\/strong> de la factura a lo largo del a\u00f1o\u201d.<\/p>\n\n\n\n<p><\/p>\n\n\n\n<p>Seg\u00fan los c\u00e1lculos realizados por la Secretar\u00eda de Energ\u00eda, se presentaron <strong>ejemplos del impacto <\/strong>de los aumentos. Aproximadamente <strong>1 de cada 5 usuarios tendr\u00e1 un aumento menor a $1.000<\/strong>. Para las primeras 4 categor\u00edas Residenciales (70% del total de usuarios de gas a nivel pa\u00eds), los aumentos se ubican, <strong>en promedio, entre los $960 y los $6.400<\/strong>. Para el resto de las categor\u00edas residenciales con mayores consumos (30% del total), <strong>los incrementos van de los $2.900 a $11.300, en promedio<\/strong>.<\/p>\n\n\n\n<p><\/p>\n\n\n\n<h2 class=\"wp-block-heading\">Electricidad<\/h2>\n\n\n\n<p><\/p>\n\n\n\n<p>En el caso de la electricidad, <strong>se fijaron los nuevos valores para la transportadora Transba<\/strong>, que es la que abastece en la regi\u00f3n centro bonaerense.<\/p>\n\n\n\n<p><\/p>\n\n\n\n<p>Tambi\u00e9n se informaron los precios para las <strong>distribuidoras Edenor y Edesur con aumento de 3,59%<\/strong>.<\/p>\n\n\n\n<p><\/p>\n\n\n\n<blockquote class=\"wp-block-quote is-layout-flow wp-block-quote-is-layout-flow\">\n<p>Se espera que en las pr\u00f3ximas horas, el Ministerio de Infraestructura provincial y OCEBA dicten los cuadros tarifarios para las distribuidoras de la provincia con alcance a las cooperativas, entre ellas Coopelectric.<\/p>\n<\/blockquote>\n\n\n\n<p><\/p>\n\n\n\n<h2 class=\"wp-block-heading\">Argumentos<\/h2>\n\n\n\n<p><\/p>\n\n\n\n<p>Los <strong>motivos de este aumento<\/strong> son:<\/p>\n\n\n\n<p><\/p>\n\n\n\n<p>&#8211; Cuota mensual de la <strong>Revisi\u00f3n Quinquenal Tarifaria<\/strong><br>&#8211; Aumento mensual por f\u00f3rmula (IPIM + IPC) para <strong>que las tarifas no pierdan valor<\/strong><br>&#8211; Aplicaci\u00f3n del nuevo <strong>esquema de subsidios SEF<\/strong><br>&#8211; Aplicaci\u00f3n del <strong>precio de gas unificado\/fijo en todo el a\u00f1o<\/strong>. Esto genera <strong>un salto en febrero por \u00fanica vez<\/strong>, pero en un mes de muy bajo consumo de gas.<\/p>\n","protected":false},"excerpt":{"rendered":"<p>Los aumentos son producto de una serie de medidas que entran en vigencia desde el mes pr\u00f3ximo. Nuevos cuadros tarifarios<\/p>\n","protected":false},"author":4,"featured_media":39478,"comment_status":"closed","ping_status":"closed","sticky":false,"template":"","format":"standard","meta":{"_jetpack_memberships_contains_paid_content":false,"footnotes":""},"categories":[5,1],"tags":[],"class_list":["post-193998","post","type-post","status-publish","format-standard","has-post-thumbnail","hentry","category-informacion-general","category-portada"],"jetpack_featured_media_url":"https:\/\/i0.wp.com\/cdnoticias.com\/wp-content\/uploads\/2021\/11\/telam-gas-cocina-602e529f60175_900.jpg?fit=900%2C506&ssl=1","jetpack_sharing_enabled":true,"_links":{"self":[{"href":"https:\/\/cdnoticias.com\/index.php\/wp-json\/wp\/v2\/posts\/193998","targetHints":{"allow":["GET"]}}],"collection":[{"href":"https:\/\/cdnoticias.com\/index.php\/wp-json\/wp\/v2\/posts"}],"about":[{"href":"https:\/\/cdnoticias.com\/index.php\/wp-json\/wp\/v2\/types\/post"}],"author":[{"embeddable":true,"href":"https:\/\/cdnoticias.com\/index.php\/wp-json\/wp\/v2\/users\/4"}],"replies":[{"embeddable":true,"href":"https:\/\/cdnoticias.com\/index.php\/wp-json\/wp\/v2\/comments?post=193998"}],"version-history":[{"count":0,"href":"https:\/\/cdnoticias.com\/index.php\/wp-json\/wp\/v2\/posts\/193998\/revisions"}],"wp:featuredmedia":[{"embeddable":true,"href":"https:\/\/cdnoticias.com\/index.php\/wp-json\/wp\/v2\/media\/39478"}],"wp:attachment":[{"href":"https:\/\/cdnoticias.com\/index.php\/wp-json\/wp\/v2\/media?parent=193998"}],"wp:term":[{"taxonomy":"category","embeddable":true,"href":"https:\/\/cdnoticias.com\/index.php\/wp-json\/wp\/v2\/categories?post=193998"},{"taxonomy":"post_tag","embeddable":true,"href":"https:\/\/cdnoticias.com\/index.php\/wp-json\/wp\/v2\/tags?post=193998"}],"curies":[{"name":"wp","href":"https:\/\/api.w.org\/{rel}","templated":true}]}}