{"id":19394,"date":"2021-04-20T16:44:33","date_gmt":"2021-04-20T19:44:33","guid":{"rendered":"http:\/\/www.centraldenoticias.com.ar\/?p=19394"},"modified":"2021-04-20T17:05:42","modified_gmt":"2021-04-20T20:05:42","slug":"mas-de-100-personas-fueron-hisopadas-en-el-club-el-provincial","status":"publish","type":"post","link":"https:\/\/cdnoticias.com\/index.php\/2021\/04\/20\/mas-de-100-personas-fueron-hisopadas-en-el-club-el-provincial\/","title":{"rendered":"M\u00e1s de 100 personas fueron hisopadas en el Club El Provincial"},"content":{"rendered":"<p>Fue en el marco de la operativo de testeo llevado adelante desde el Ministerio de Salud de la Provincia. Fueron relevadas m\u00e1s de 2300 personas.<!--more--><\/p>\n<hr \/>\n<p>En la jornada de este martes m\u00e1s de 2300 vecinos fueron relevados en el marco del operativo de testeo llevado adelante desde el<strong> Ministerio de Salud de la Provincia de Buenos Aires, en un trabajo articulado con Regi\u00f3n Sanitaria IX y la Secretar\u00eda de Salud del Municipio de Olavarr\u00eda.<\/strong><\/p>\n<p>&nbsp;<\/p>\n<p>Sin dudas uno de los datos m\u00e1s relevantes es que <strong>106 personas fueron hisopadas en el Club Provincial, donde tuvo su base el despliegue de testeos que recorri\u00f3 cerca de un millar de viviendas de los barrios El Provincial, Alberdi y Pueblo Nuevo<\/strong>. El objetivo fue no s\u00f3lo la detecci\u00f3n de casos sospechosos de Covid19, sino adem\u00e1s promover pautas de prevenci\u00f3n e inscribir al plan provincial de vacunaci\u00f3n.<\/p>\n<p>&nbsp;<\/p>\n<p><img data-recalc-dims=\"1\" loading=\"lazy\" decoding=\"async\" class=\"alignnone size-full wp-image-19398\" src=\"https:\/\/i0.wp.com\/cdnoticias.com\/wp-content\/uploads\/2021\/04\/WhatsApp-Image-2021-04-20-at-13.49.33.jpeg?resize=800%2C347&#038;ssl=1\" alt=\"\" width=\"800\" height=\"347\" srcset=\"https:\/\/i0.wp.com\/cdnoticias.com\/wp-content\/uploads\/2021\/04\/WhatsApp-Image-2021-04-20-at-13.49.33.jpeg?w=960&amp;ssl=1 960w, https:\/\/i0.wp.com\/cdnoticias.com\/wp-content\/uploads\/2021\/04\/WhatsApp-Image-2021-04-20-at-13.49.33.jpeg?resize=300%2C130&amp;ssl=1 300w, https:\/\/i0.wp.com\/cdnoticias.com\/wp-content\/uploads\/2021\/04\/WhatsApp-Image-2021-04-20-at-13.49.33.jpeg?resize=768%2C333&amp;ssl=1 768w\" sizes=\"auto, (max-width: 800px) 100vw, 800px\" \/><\/p>\n<p>&nbsp;<\/p>\n<p><strong>\u201cHemos tenido una buena respuesta\u201d<\/strong>, valor\u00f3 al respecto Ramiro Borzi, director de Regi\u00f3n Sanitaria IX, <a href=\"https:\/\/cdnoticias.com\/index.php\/2021\/04\/20\/hemos-tenido-una-buena-respuesta-valoro-borzi-sobre-los-testeos-en-el-provincial\/\" target=\"_blank\" rel=\"noopener\">en una entrevista con <em><strong>Central de Noticias<\/strong><\/em><\/a>. \u201cMientras siga la situaci\u00f3n epidemiol\u00f3gica como est\u00e1 hasta ahora, con un n\u00famero de casos alto, con alta positividad nosotros vamos a seguir\u201d, complet\u00f3.<\/p>\n<p>&nbsp;<\/p>\n<p>La jornada de testeo r\u00e1pido estuvo articulada con el trabajo que viene realizando la Secretar\u00eda de Salud P\u00fablica del Municipio. <strong>Participaron los directivos de Regi\u00f3n Sanitaria IX, Ramiro Borzi y Norma \u00c1lvarez Morello e integrantes de la Secretar\u00eda de Salud Municipal, Germ\u00e1n Caputo y Christian Waimann<\/strong>. Desde la organizaci\u00f3n se agradeci\u00f3 a las autoridades del club El Provincial por poner a disposici\u00f3n las instalaciones.<\/p>\n","protected":false},"excerpt":{"rendered":"<p>Fue en el marco de la operativo de testeo llevado adelante desde el Ministerio de Salud de la Provincia. Fueron<\/p>\n","protected":false},"author":2,"featured_media":19397,"comment_status":"closed","ping_status":"closed","sticky":false,"template":"","format":"standard","meta":{"_jetpack_memberships_contains_paid_content":false,"footnotes":""},"categories":[5,1],"tags":[],"class_list":["post-19394","post","type-post","status-publish","format-standard","has-post-thumbnail","hentry","category-informacion-general","category-portada"],"jetpack_featured_media_url":"https:\/\/i0.wp.com\/cdnoticias.com\/wp-content\/uploads\/2021\/04\/WhatsApp-Image-2021-04-20-at-13.49.33-1.jpeg?fit=960%2C580&ssl=1","jetpack_sharing_enabled":true,"_links":{"self":[{"href":"https:\/\/cdnoticias.com\/index.php\/wp-json\/wp\/v2\/posts\/19394","targetHints":{"allow":["GET"]}}],"collection":[{"href":"https:\/\/cdnoticias.com\/index.php\/wp-json\/wp\/v2\/posts"}],"about":[{"href":"https:\/\/cdnoticias.com\/index.php\/wp-json\/wp\/v2\/types\/post"}],"author":[{"embeddable":true,"href":"https:\/\/cdnoticias.com\/index.php\/wp-json\/wp\/v2\/users\/2"}],"replies":[{"embeddable":true,"href":"https:\/\/cdnoticias.com\/index.php\/wp-json\/wp\/v2\/comments?post=19394"}],"version-history":[{"count":0,"href":"https:\/\/cdnoticias.com\/index.php\/wp-json\/wp\/v2\/posts\/19394\/revisions"}],"wp:featuredmedia":[{"embeddable":true,"href":"https:\/\/cdnoticias.com\/index.php\/wp-json\/wp\/v2\/media\/19397"}],"wp:attachment":[{"href":"https:\/\/cdnoticias.com\/index.php\/wp-json\/wp\/v2\/media?parent=19394"}],"wp:term":[{"taxonomy":"category","embeddable":true,"href":"https:\/\/cdnoticias.com\/index.php\/wp-json\/wp\/v2\/categories?post=19394"},{"taxonomy":"post_tag","embeddable":true,"href":"https:\/\/cdnoticias.com\/index.php\/wp-json\/wp\/v2\/tags?post=19394"}],"curies":[{"name":"wp","href":"https:\/\/api.w.org\/{rel}","templated":true}]}}