{"id":19392,"date":"2021-04-20T16:29:41","date_gmt":"2021-04-20T19:29:41","guid":{"rendered":"http:\/\/www.centraldenoticias.com.ar\/?p=19392"},"modified":"2021-04-20T16:29:41","modified_gmt":"2021-04-20T19:29:41","slug":"varios-sectores-de-la-ciudad-se-veran-afectados-por-un-corte-de-luz","status":"publish","type":"post","link":"https:\/\/cdnoticias.com\/index.php\/2021\/04\/20\/varios-sectores-de-la-ciudad-se-veran-afectados-por-un-corte-de-luz\/","title":{"rendered":"Varios sectores de la ciudad se ver\u00e1n afectados por un corte de luz"},"content":{"rendered":"<p>La interrupci\u00f3n en el servicio ser\u00e1 durante el mediod\u00eda de este mi\u00e9rcoles y se prolongar\u00e1 durante dos horas.<!--more--><\/p>\n<hr \/>\n<p>Tareas de mantenimiento programadas desde Coopelectric ocasionar\u00e1n que<strong> distintos sectores del casco urbano local vean afectado el suministro el\u00e9ctrico durante el mediod\u00eda de este mi\u00e9rcoles.<\/strong><\/p>\n<p>&nbsp;<\/p>\n<p>De acuerdo con lo que se precis\u00f3, la interrupci\u00f3n en el servicio<strong> ser\u00e1 desde las 11.30 hasta las 13.30 y abarcar\u00e1, por un lado, la zona delimitada por las calles San Mart\u00edn, Mendoza y Los Gladiolos, adem\u00e1s de la avenida Col\u00f3n<\/strong>.<\/p>\n<p>&nbsp;<\/p>\n<p>A la par, tambi\u00e9n se interrumpir\u00e1 el suministro en el sector comprendido por las avenidas <strong>Circunvalaci\u00f3n y Sarmiento, adem\u00e1s de las calles 157 y San Mart\u00edn<\/strong>. Por \u00faltimo, tambi\u00e9n se ver\u00e1 afectado el servicio el\u00e9ctrico en la zona delimitada por<strong> avenida De los Trabajadores y las calles C\u00f3rdoba, Schwindt y Jos\u00e9 Luis Torres.<\/strong><\/p>\n<p>&nbsp;<\/p>\n<p>&nbsp;<\/p>\n","protected":false},"excerpt":{"rendered":"<p>La interrupci\u00f3n en el servicio ser\u00e1 durante el mediod\u00eda de este mi\u00e9rcoles y se prolongar\u00e1 durante dos horas.<\/p>\n","protected":false},"author":2,"featured_media":12971,"comment_status":"closed","ping_status":"closed","sticky":false,"template":"","format":"standard","meta":{"_jetpack_memberships_contains_paid_content":false,"footnotes":""},"categories":[5,1],"tags":[],"class_list":["post-19392","post","type-post","status-publish","format-standard","has-post-thumbnail","hentry","category-informacion-general","category-portada"],"jetpack_featured_media_url":"https:\/\/i0.wp.com\/cdnoticias.com\/wp-content\/uploads\/2021\/02\/Nueva-SET-Villa-Aurora-03.jpg?fit=1024%2C768&ssl=1","jetpack_sharing_enabled":true,"_links":{"self":[{"href":"https:\/\/cdnoticias.com\/index.php\/wp-json\/wp\/v2\/posts\/19392","targetHints":{"allow":["GET"]}}],"collection":[{"href":"https:\/\/cdnoticias.com\/index.php\/wp-json\/wp\/v2\/posts"}],"about":[{"href":"https:\/\/cdnoticias.com\/index.php\/wp-json\/wp\/v2\/types\/post"}],"author":[{"embeddable":true,"href":"https:\/\/cdnoticias.com\/index.php\/wp-json\/wp\/v2\/users\/2"}],"replies":[{"embeddable":true,"href":"https:\/\/cdnoticias.com\/index.php\/wp-json\/wp\/v2\/comments?post=19392"}],"version-history":[{"count":0,"href":"https:\/\/cdnoticias.com\/index.php\/wp-json\/wp\/v2\/posts\/19392\/revisions"}],"wp:featuredmedia":[{"embeddable":true,"href":"https:\/\/cdnoticias.com\/index.php\/wp-json\/wp\/v2\/media\/12971"}],"wp:attachment":[{"href":"https:\/\/cdnoticias.com\/index.php\/wp-json\/wp\/v2\/media?parent=19392"}],"wp:term":[{"taxonomy":"category","embeddable":true,"href":"https:\/\/cdnoticias.com\/index.php\/wp-json\/wp\/v2\/categories?post=19392"},{"taxonomy":"post_tag","embeddable":true,"href":"https:\/\/cdnoticias.com\/index.php\/wp-json\/wp\/v2\/tags?post=19392"}],"curies":[{"name":"wp","href":"https:\/\/api.w.org\/{rel}","templated":true}]}}