{"id":193908,"date":"2026-01-29T10:39:34","date_gmt":"2026-01-29T13:39:34","guid":{"rendered":"https:\/\/cdnoticias.com\/?p=193908"},"modified":"2026-01-29T18:35:30","modified_gmt":"2026-01-29T21:35:30","slug":"mas-de-9-200-vecinos-participaron-de-un-relevamiento-sanitario-en-olavarria","status":"publish","type":"post","link":"https:\/\/cdnoticias.com\/index.php\/2026\/01\/29\/mas-de-9-200-vecinos-participaron-de-un-relevamiento-sanitario-en-olavarria\/","title":{"rendered":"M\u00e1s de 9.200 vecinos participaron de un relevamiento sanitario en Olavarr\u00eda"},"content":{"rendered":"\n<p>El Municipio super\u00f3 el m\u00ednimo requerido para una muestra representativa. Destacaron el trabajo territorial sostenido y el valor del aporte comunitario para definir pol\u00edticas de salud.<\/p>\n\n\n\n<hr class=\"wp-block-separator has-alpha-channel-opacity\"\/>\n\n\n\n<p>El Municipio de Olavarr\u00eda inform\u00f3 que culmin\u00f3 con \u00e9xito la primera etapa del<strong> An\u00e1lisis de Situaci\u00f3n Integral de Salud (ASIS), <\/strong>un estudio que permite profundizar el conocimiento sobre el perfil sanitario de la comunidad en todo el Partido.<\/p>\n\n\n\n<p><\/p>\n\n\n\n<p>Seg\u00fan detall\u00f3 la <strong>subsecretaria de Atenci\u00f3n Primaria de la Salud (APS), Florencia Lestrada, <\/strong>el relevamiento alcanz\u00f3 a<strong> 9.221 vecinos encuestados en casi 3.000 encuestas realizadas en barrios y localidades,<\/strong> lo que permiti\u00f3 <strong>superar en m\u00e1s del 5% el valor m\u00ednimo necesario para que la muestra sea representativa.<\/strong><\/p>\n\n\n\n<p><\/p>\n\n\n\n<p>En paralelo, la funcionaria explic\u00f3 que<strong> desde diciembre de 2025 y durante enero se avanza en la segunda etapa del ASIS, que consiste en entrevistas en profundidad a referentes barriales. <\/strong>En ese marco, indic\u00f3 que<strong> el 70 % de los referentes identificados ya fueron entrevistados,<\/strong> y que se prev\u00e9 finalizar esta fase para luego<strong> iniciar, en febrero, el procesamiento de los datos cuantitativos y cualitativos.<\/strong><\/p>\n\n\n\n<p><\/p>\n\n\n\n<figure class=\"wp-block-image size-full\"><img data-recalc-dims=\"1\" loading=\"lazy\" decoding=\"async\" width=\"800\" height=\"445\" src=\"https:\/\/i0.wp.com\/cdnoticias.com\/wp-content\/uploads\/2026\/01\/ASIS-encuesta-sanitaria-03.png?resize=800%2C445&#038;ssl=1\" alt=\"\" class=\"wp-image-193909\" srcset=\"https:\/\/i0.wp.com\/cdnoticias.com\/wp-content\/uploads\/2026\/01\/ASIS-encuesta-sanitaria-03.png?w=800&amp;ssl=1 800w, https:\/\/i0.wp.com\/cdnoticias.com\/wp-content\/uploads\/2026\/01\/ASIS-encuesta-sanitaria-03.png?resize=300%2C167&amp;ssl=1 300w, https:\/\/i0.wp.com\/cdnoticias.com\/wp-content\/uploads\/2026\/01\/ASIS-encuesta-sanitaria-03.png?resize=768%2C427&amp;ssl=1 768w\" sizes=\"auto, (max-width: 800px) 100vw, 800px\" \/><\/figure>\n\n\n\n<p><\/p>\n\n\n\n<p>Posteriormente, el equipo t\u00e9cnico realizar\u00e1 una <strong>triangulaci\u00f3n con informaci\u00f3n de los radios censales, a partir de los registros del Censo 2022,<\/strong> con el objetivo de elaborar un documento final durante el mes de marzo. Dicho material ser\u00e1 puesto a disposici\u00f3n de la comunidad, los CAPS, los trabajadores y los referentes barriales para coordinar acciones orientadas a responder a las necesidades detectadas.<\/p>\n\n\n\n<p><\/p>\n\n\n\n<p>Respecto de las entrevistas realizadas, Lestrada se\u00f1al\u00f3 que<strong> surgieron problem\u00e1ticas posibles de abordar en el corto plazo, <\/strong>por lo que desde la subsecretar\u00eda ya se trabaja de manera articulada con otras \u00e1reas municipales, como deporte, cultura, actividades comunitarias y empadronamiento.<\/p>\n\n\n\n<p><\/p>\n\n\n\n<figure class=\"wp-block-image size-full\"><img data-recalc-dims=\"1\" loading=\"lazy\" decoding=\"async\" width=\"800\" height=\"445\" src=\"https:\/\/i0.wp.com\/cdnoticias.com\/wp-content\/uploads\/2026\/01\/ASIS-encuesta-sanitaria-02.png?resize=800%2C445&#038;ssl=1\" alt=\"\" class=\"wp-image-193910\" srcset=\"https:\/\/i0.wp.com\/cdnoticias.com\/wp-content\/uploads\/2026\/01\/ASIS-encuesta-sanitaria-02.png?w=800&amp;ssl=1 800w, https:\/\/i0.wp.com\/cdnoticias.com\/wp-content\/uploads\/2026\/01\/ASIS-encuesta-sanitaria-02.png?resize=300%2C167&amp;ssl=1 300w, https:\/\/i0.wp.com\/cdnoticias.com\/wp-content\/uploads\/2026\/01\/ASIS-encuesta-sanitaria-02.png?resize=768%2C427&amp;ssl=1 768w\" sizes=\"auto, (max-width: 800px) 100vw, 800px\" \/><\/figure>\n\n\n\n<p><\/p>\n\n\n\n<p>En ese contexto, la subsecretaria <strong>destac\u00f3 especialmente el esfuerzo realizado durante el trabajo de campo<\/strong>: \u201ces importante destacar que durante este proceso, los CAPS nunca cerraron, la atenci\u00f3n no se interrumpi\u00f3 y las actividades normales del primer nivel de atenci\u00f3n continuaron\u201d, subray\u00f3, al tiempo que valor\u00f3 el despliegue territorial sostenido de los promotores de salud durante un mes y medio.<\/p>\n\n\n\n<p><\/p>\n\n\n\n<p>Finalmente, Lestrada expres\u00f3: <strong>\u201ceste trabajo nos emociona. Lo que aprendemos de la gente, lo que nos suma su experiencia para direccionar las pol\u00edticas es incre\u00edble\u201d<\/strong>, y remarc\u00f3 el compromiso de la comunidad en la mejora de la calidad de vida.<\/p>\n","protected":false},"excerpt":{"rendered":"<p>El Municipio super\u00f3 el m\u00ednimo requerido para una muestra representativa. Destacaron el trabajo territorial sostenido y el valor del aporte<\/p>\n","protected":false},"author":5,"featured_media":193911,"comment_status":"closed","ping_status":"closed","sticky":false,"template":"","format":"standard","meta":{"_jetpack_memberships_contains_paid_content":false,"footnotes":""},"categories":[5,1],"tags":[],"class_list":["post-193908","post","type-post","status-publish","format-standard","has-post-thumbnail","hentry","category-informacion-general","category-portada"],"jetpack_featured_media_url":"https:\/\/i0.wp.com\/cdnoticias.com\/wp-content\/uploads\/2026\/01\/ASIS-encuesta-sanitaria-01.png?fit=800%2C445&ssl=1","jetpack_sharing_enabled":true,"_links":{"self":[{"href":"https:\/\/cdnoticias.com\/index.php\/wp-json\/wp\/v2\/posts\/193908","targetHints":{"allow":["GET"]}}],"collection":[{"href":"https:\/\/cdnoticias.com\/index.php\/wp-json\/wp\/v2\/posts"}],"about":[{"href":"https:\/\/cdnoticias.com\/index.php\/wp-json\/wp\/v2\/types\/post"}],"author":[{"embeddable":true,"href":"https:\/\/cdnoticias.com\/index.php\/wp-json\/wp\/v2\/users\/5"}],"replies":[{"embeddable":true,"href":"https:\/\/cdnoticias.com\/index.php\/wp-json\/wp\/v2\/comments?post=193908"}],"version-history":[{"count":0,"href":"https:\/\/cdnoticias.com\/index.php\/wp-json\/wp\/v2\/posts\/193908\/revisions"}],"wp:featuredmedia":[{"embeddable":true,"href":"https:\/\/cdnoticias.com\/index.php\/wp-json\/wp\/v2\/media\/193911"}],"wp:attachment":[{"href":"https:\/\/cdnoticias.com\/index.php\/wp-json\/wp\/v2\/media?parent=193908"}],"wp:term":[{"taxonomy":"category","embeddable":true,"href":"https:\/\/cdnoticias.com\/index.php\/wp-json\/wp\/v2\/categories?post=193908"},{"taxonomy":"post_tag","embeddable":true,"href":"https:\/\/cdnoticias.com\/index.php\/wp-json\/wp\/v2\/tags?post=193908"}],"curies":[{"name":"wp","href":"https:\/\/api.w.org\/{rel}","templated":true}]}}