{"id":193897,"date":"2026-01-29T09:10:30","date_gmt":"2026-01-29T12:10:30","guid":{"rendered":"https:\/\/cdnoticias.com\/?p=193897"},"modified":"2026-01-29T11:02:37","modified_gmt":"2026-01-29T14:02:37","slug":"azul-por-un-robo-de-cables-se-perdieron-casi-100-vacunas-en-un-caps","status":"publish","type":"post","link":"https:\/\/cdnoticias.com\/index.php\/2026\/01\/29\/azul-por-un-robo-de-cables-se-perdieron-casi-100-vacunas-en-un-caps\/","title":{"rendered":"Azul: por un robo de cables, se perdieron casi 100 vacunas en un CAPS"},"content":{"rendered":"<p>Se rompi\u00f3 la cadena de fr\u00edo de una de las heladeras lo que dej\u00f3 sin poder ser utilizadas a las dosis all\u00ed almacenadas.<!--more--><\/p>\n<hr \/>\n<p>\u00a0<\/p>\n\n\n<p>En la <strong>vecina ciudad de Azul<\/strong>, un robo de cables <strong>ocurrido en un centro de salud<\/strong> dej\u00f3 inutilizadas a casi <strong>un centenar de vacunas.<\/strong><\/p>\n\n\n\n<p><\/p>\n\n\n\n<p>La denuncia se asent\u00f3 este lunes 26 de enero. La <strong>coordinadora del CAPS N\u00ba 5<\/strong>, ubicado en <strong>calle 2 al 251 <\/strong>expuso lo sucedido y detall\u00f3 las consecuencias.<\/p>\n\n\n\n<p><\/p>\n\n\n\n<p>La mujer lleg\u00f3 alrededor de las 7 de la ma\u00f1ana al establecimiento y advirti\u00f3 el <strong>faltante de tres metros de cable<\/strong> que se encontraban<strong> instalados en el pilar de suministro el\u00e9ctrico.<\/strong><\/p>\n\n\n\n<p><\/p>\n\n\n\n<blockquote class=\"wp-block-quote is-layout-flow wp-block-quote-is-layout-flow\">\n<p>Con ese robo se cort\u00f3 el suministro de energ\u00eda de una heladera y se rompi\u00f3 la cadena de fr\u00edo de unas 95 dosis de vacunas almacenadas, destinadas al tratamiento de distintas enfermedades. De esa manera, se consideraron perdidas ya que no podr\u00e1n ser aplicadas.<\/p>\n<\/blockquote>\n\n\n\n<p><\/p>\n\n\n\n<p>Se estim\u00f3 que <strong>el robo ocurri\u00f3 el pasado fin de semana<\/strong>, ya que el personal no concurri\u00f3 entre la tarde del viernes y la ma\u00f1ana del domingo a la sede municipal.<\/p>\n\n\n\n<p><\/p>\n\n\n\n<p>La causa fue caratulada como <strong>&#8220;robo&#8221; <\/strong>y qued\u00f3 a cargo de la<strong> UFI N\u00ba 6<\/strong>, conducida por la <strong>doctora Paula Serrano<\/strong>, del Departamento Judicial Azul. Las actuaciones contin\u00faan para esclarecer lo sucedido.<\/p>\n","protected":false},"excerpt":{"rendered":"<p>Se rompi\u00f3 la cadena de fr\u00edo de una de las heladeras lo que dej\u00f3 sin poder ser utilizadas a las<\/p>\n","protected":false},"author":4,"featured_media":193898,"comment_status":"closed","ping_status":"closed","sticky":false,"template":"","format":"standard","meta":{"_jetpack_memberships_contains_paid_content":false,"footnotes":""},"categories":[14,1],"tags":[],"class_list":["post-193897","post","type-post","status-publish","format-standard","has-post-thumbnail","hentry","category-policiales","category-portada"],"jetpack_featured_media_url":"https:\/\/i0.wp.com\/cdnoticias.com\/wp-content\/uploads\/2026\/01\/azul-robo-de-cable-en-CAPS-5.jpg?fit=955%2C537&ssl=1","jetpack_sharing_enabled":true,"_links":{"self":[{"href":"https:\/\/cdnoticias.com\/index.php\/wp-json\/wp\/v2\/posts\/193897","targetHints":{"allow":["GET"]}}],"collection":[{"href":"https:\/\/cdnoticias.com\/index.php\/wp-json\/wp\/v2\/posts"}],"about":[{"href":"https:\/\/cdnoticias.com\/index.php\/wp-json\/wp\/v2\/types\/post"}],"author":[{"embeddable":true,"href":"https:\/\/cdnoticias.com\/index.php\/wp-json\/wp\/v2\/users\/4"}],"replies":[{"embeddable":true,"href":"https:\/\/cdnoticias.com\/index.php\/wp-json\/wp\/v2\/comments?post=193897"}],"version-history":[{"count":0,"href":"https:\/\/cdnoticias.com\/index.php\/wp-json\/wp\/v2\/posts\/193897\/revisions"}],"wp:featuredmedia":[{"embeddable":true,"href":"https:\/\/cdnoticias.com\/index.php\/wp-json\/wp\/v2\/media\/193898"}],"wp:attachment":[{"href":"https:\/\/cdnoticias.com\/index.php\/wp-json\/wp\/v2\/media?parent=193897"}],"wp:term":[{"taxonomy":"category","embeddable":true,"href":"https:\/\/cdnoticias.com\/index.php\/wp-json\/wp\/v2\/categories?post=193897"},{"taxonomy":"post_tag","embeddable":true,"href":"https:\/\/cdnoticias.com\/index.php\/wp-json\/wp\/v2\/tags?post=193897"}],"curies":[{"name":"wp","href":"https:\/\/api.w.org\/{rel}","templated":true}]}}