{"id":193895,"date":"2026-01-29T08:54:45","date_gmt":"2026-01-29T11:54:45","guid":{"rendered":"https:\/\/cdnoticias.com\/?p=193895"},"modified":"2026-01-29T08:54:47","modified_gmt":"2026-01-29T11:54:47","slug":"olavarria-en-verano-agenda-completa-de-actividades-gratuitas-para-este-jueves","status":"publish","type":"post","link":"https:\/\/cdnoticias.com\/index.php\/2026\/01\/29\/olavarria-en-verano-agenda-completa-de-actividades-gratuitas-para-este-jueves\/","title":{"rendered":"\u201cOlavarr\u00eda en Verano\u201d: agenda completa de actividades gratuitas para este jueves"},"content":{"rendered":"\n<p>La propuesta municipal incluye talleres, clases abiertas, recorridos guiados, cine y actividades deportivas en distintos puntos de la ciudad, con opciones para todas las edades y sin costo.<\/p>\n\n\n\n<hr class=\"wp-block-separator has-alpha-channel-opacity\"\/>\n\n\n\n<p>El Municipio de Olavarr\u00eda invita a la comunidad a participar de una nueva jornada del<strong> Programa Municipal \u201cOlavarr\u00eda en Verano\u201d, <\/strong>que ofrece propuestas culturales, art\u00edsticas, recreativas y deportivas durante el receso estival, de manera libre y gratuita. Las actividades son organizadas por distintas \u00e1reas municipales y <strong>se desarrollar\u00e1n este jueves 29, en diversos espacios de la ciudad y las localidades.<\/strong><\/p>\n\n\n\n<p><\/p>\n\n\n\n<p>La jornada comenz\u00f3 a las 8 horas con el <strong>Taller de Marroquiner\u00eda en la Escuela de Orfebrer\u00eda (Bol\u00edvar 3332),<\/strong> donde se abordar\u00e1n t\u00e9cnicas del oficio aplicadas a diferentes piezas artesanales. Est\u00e1 destinado a personas a partir de los 14 a\u00f1os y requiere inscripci\u00f3n previa mediante formulario.<\/p>\n\n\n\n<p><\/p>\n\n\n\n<p><strong>A las 10 horas, en el Club de Loma Negra, se llevar\u00e1 a cabo el taller \u201cEl Polo te visita\u201d,<\/strong> con actividades vinculadas a esta disciplina e iniciativas del Bioparque, el CIIT y el Museo de las Ciencias. No requiere inscripci\u00f3n y est\u00e1 dirigido a todo p\u00fablico.<\/p>\n\n\n\n<p><\/p>\n\n\n\n<p>Por la tarde,<strong> a las 16 horas, tambi\u00e9n en la Escuela de Orfebrer\u00eda<\/strong>, se dictar\u00e1n dos propuestas: el<strong> Taller de Dibujo complementario,<\/strong> orientado a t\u00e9cnicas aplicadas a la producci\u00f3n artesanal, y el <strong>Taller de Tallado en madera<\/strong>, ambos para mayores de 14 a\u00f1os, con inscripci\u00f3n previa mediante formulario.<\/p>\n\n\n\n<p><\/p>\n\n\n\n<p>Desde las <strong>18:30 horas habr\u00e1 m\u00faltiples actividades<\/strong> en simult\u00e1neo. En la <strong>Casa del Bicentenario<\/strong> se realizar\u00e1 una clase abierta de Danza Urbana, a cargo de la profesora Zaira Casta\u00f1ares, sin inscripci\u00f3n previa y destinada a adolescentes y adultos. En el <strong>Centro Cultural San Jos\u00e9,<\/strong> se ofrecer\u00e1 el Taller de Danzas \u00c1rabes, dictado por las profesoras Sara Abdala y Yesica Castillo, sin necesidad de conocimientos previos y abierto a adolescentes, j\u00f3venes y adultos. En tanto, en el<strong> Centro Cultural Sierras Bayas,<\/strong> tendr\u00e1 lugar la propuesta \u201cRespiraciones y estiramientos \u2013 Meditaci\u00f3n\u201d, a cargo de la profesora M\u00f3nica Rossi; no requiere inscripci\u00f3n y se solicita llevar colchoneta.<\/p>\n\n\n\n<p><\/p>\n\n\n\n<p>A las <strong>19 horas<\/strong>, se desarrollar\u00e1 el <strong>Paseo guiado \u201cMonumentos, Parques y Puentes\u201d, con punto de encuentro en el Monumento a San Mart\u00edn (Brown y V\u00e9lez Sarsfield). <\/strong>Se trata de una caminata guiada gratuita de 2,5 kil\u00f3metros, con una duraci\u00f3n aproximada de dos horas y dificultad baja. El cupo es de 25 personas y requiere inscripci\u00f3n online previa. En el mismo horario, <strong>en el Museo D\u00e1maso Arce, se dictar\u00e1 el taller \u201cAventuras en movimiento \u2013 Taller de juego y danza\u201d, <\/strong>a cargo de la profesora Yanina Sanabria, destinado a ni\u00f1eces de 5 a 12 a\u00f1os, sin inscripci\u00f3n previa.<\/p>\n\n\n\n<p><\/p>\n\n\n\n<p>A las <strong>19:30 horas<\/strong>, el<strong> Museo Hermanos Emiliozzi ser\u00e1 sede de una nueva edici\u00f3n de \u201cVerano de Pel\u00edcula\u201d, con la proyecci\u00f3n del film The Italian Job (Peter Collinson, 1971), en el marco de un ciclo realizado junto a Sebasti\u00e1n Magallanes, orientado a amantes de los fierros. <\/strong>La actividad es para mayores de 13 a\u00f1os y no requiere inscripci\u00f3n. En paralelo, <strong>en el Museo D\u00e1maso Arce, se realizar\u00e1 la apertura de la Sala fl\u00faor \u201cBajo el mar\u201d, <\/strong>una propuesta sensorial para todas las edades, con ingreso por orden de llegada y cupos limitados de hasta 10 personas por grupo.<\/p>\n\n\n\n<p><\/p>\n\n\n\n<p>Finalmente,<strong> a las 21 horas<\/strong>, se llevar\u00e1 a cabo un <strong>Torneo de Ajedrez de suma de puntos libre en el Club Social,<\/strong> abierto a todo p\u00fablico y sin l\u00edmite de edad, sin necesidad de inscripci\u00f3n previa.<\/p>\n\n\n\n<p><\/p>\n\n\n\n<p>El <a href=\"https:\/\/www.olavarria.gov.ar\/agenda-de-verano\/\" data-type=\"link\" data-id=\"https:\/\/www.olavarria.gov.ar\/agenda-de-verano\/\">cronograma completo del programa \u201cOlavarr\u00eda en Verano\u201d <\/a>se encuentra disponible en el sitio web del Municipio de Olavarr\u00eda.<\/p>\n","protected":false},"excerpt":{"rendered":"<p>La propuesta municipal incluye talleres, clases abiertas, recorridos guiados, cine y actividades deportivas en distintos puntos de la ciudad, con<\/p>\n","protected":false},"author":5,"featured_media":150952,"comment_status":"closed","ping_status":"closed","sticky":false,"template":"","format":"standard","meta":{"_jetpack_memberships_contains_paid_content":false,"footnotes":""},"categories":[9,1],"tags":[],"class_list":["post-193895","post","type-post","status-publish","format-standard","has-post-thumbnail","hentry","category-cultura","category-portada"],"jetpack_featured_media_url":"https:\/\/i0.wp.com\/cdnoticias.com\/wp-content\/uploads\/2025\/02\/paseos-guiados-ciudad.png?fit=889%2C465&ssl=1","jetpack_sharing_enabled":true,"_links":{"self":[{"href":"https:\/\/cdnoticias.com\/index.php\/wp-json\/wp\/v2\/posts\/193895","targetHints":{"allow":["GET"]}}],"collection":[{"href":"https:\/\/cdnoticias.com\/index.php\/wp-json\/wp\/v2\/posts"}],"about":[{"href":"https:\/\/cdnoticias.com\/index.php\/wp-json\/wp\/v2\/types\/post"}],"author":[{"embeddable":true,"href":"https:\/\/cdnoticias.com\/index.php\/wp-json\/wp\/v2\/users\/5"}],"replies":[{"embeddable":true,"href":"https:\/\/cdnoticias.com\/index.php\/wp-json\/wp\/v2\/comments?post=193895"}],"version-history":[{"count":0,"href":"https:\/\/cdnoticias.com\/index.php\/wp-json\/wp\/v2\/posts\/193895\/revisions"}],"wp:featuredmedia":[{"embeddable":true,"href":"https:\/\/cdnoticias.com\/index.php\/wp-json\/wp\/v2\/media\/150952"}],"wp:attachment":[{"href":"https:\/\/cdnoticias.com\/index.php\/wp-json\/wp\/v2\/media?parent=193895"}],"wp:term":[{"taxonomy":"category","embeddable":true,"href":"https:\/\/cdnoticias.com\/index.php\/wp-json\/wp\/v2\/categories?post=193895"},{"taxonomy":"post_tag","embeddable":true,"href":"https:\/\/cdnoticias.com\/index.php\/wp-json\/wp\/v2\/tags?post=193895"}],"curies":[{"name":"wp","href":"https:\/\/api.w.org\/{rel}","templated":true}]}}