{"id":193870,"date":"2026-01-28T19:30:37","date_gmt":"2026-01-28T22:30:37","guid":{"rendered":"https:\/\/cdnoticias.com\/?p=193870"},"modified":"2026-01-28T19:42:33","modified_gmt":"2026-01-28T22:42:33","slug":"continuan-las-obras-en-el-centro-madre-teresa-de-calcuta","status":"publish","type":"post","link":"https:\/\/cdnoticias.com\/index.php\/2026\/01\/28\/continuan-las-obras-en-el-centro-madre-teresa-de-calcuta\/","title":{"rendered":"Contin\u00faan las obras en el Centro Madre Teresa de Calcuta"},"content":{"rendered":"\n<p>Se llevan a cabo diversos trabajos en materia de mantenimiento, principalmente en lo que refiere a los ba\u00f1os, con las modificaciones y adaptaciones correspondientes para poder ser utilizados por personas con movilidad reducida.\u00a0<\/p>\n\n\n\n<hr class=\"wp-block-separator aligncenter has-alpha-channel-opacity\"\/>\n\n\n\n<p>En la ma\u00f1ana de este mi\u00e9rcoles el<strong> intendente Maximiliano Wesner visit\u00f3 la sede del Centro Madre Teresa de Calcuta<\/strong>, en <strong>Loma Negra.&nbsp;<\/strong>En la ocasi\u00f3n<strong> visit\u00f3 las obras que se ejecutan<\/strong> en el marco del Plan Municipal de Obras para Instituciones de Educaci\u00f3n Especial de Gesti\u00f3n Privada, que ha permitido la concreci\u00f3n de importantes proyectos y trabajos en distintos edificios y establecimientos del Partido.<\/p>\n\n\n\n<p><\/p>\n\n\n\n<p>En la actividad el jefe comunal estuvo acompa\u00f1ado por el secretario de Obras, Infraestructura y Servicios P\u00fablicos Orfel Fari\u00f1a, el Delegado Municipal de Loma Negra Gabriel Suburu y personal del \u00e1rea de Obras P\u00fablicas.&nbsp;<\/p>\n\n\n\n<p><\/p>\n\n\n\n<p>Tambi\u00e9n estuvo presente Romina Altafini, de la Jefatura de Educaci\u00f3n de Gesti\u00f3n Privada de la Regi\u00f3n 25. Fueron recibidos por la Directora Vanesa \u00c1vila y por Silvia Pereyra, presidente de la Asociaci\u00f3n Civil \u201cD\u00e9jame Volar\u201d, que acompa\u00f1a el funcionamiento de la instituci\u00f3n.<\/p>\n\n\n\n<p><\/p>\n\n\n\n<figure class=\"wp-block-image aligncenter size-full\"><img data-recalc-dims=\"1\" loading=\"lazy\" decoding=\"async\" width=\"800\" height=\"447\" src=\"https:\/\/i0.wp.com\/cdnoticias.com\/wp-content\/uploads\/2026\/01\/centro-teresa-calcula-obra3.jpg?resize=800%2C447&#038;ssl=1\" alt=\"\" class=\"wp-image-193872\" srcset=\"https:\/\/i0.wp.com\/cdnoticias.com\/wp-content\/uploads\/2026\/01\/centro-teresa-calcula-obra3.jpg?w=876&amp;ssl=1 876w, https:\/\/i0.wp.com\/cdnoticias.com\/wp-content\/uploads\/2026\/01\/centro-teresa-calcula-obra3.jpg?resize=300%2C168&amp;ssl=1 300w, https:\/\/i0.wp.com\/cdnoticias.com\/wp-content\/uploads\/2026\/01\/centro-teresa-calcula-obra3.jpg?resize=768%2C430&amp;ssl=1 768w\" sizes=\"auto, (max-width: 800px) 100vw, 800px\" \/><\/figure>\n\n\n\n<p><\/p>\n\n\n\n<blockquote class=\"wp-block-quote is-layout-flow wp-block-quote-is-layout-flow\">\n<p>En la sede ubicada en pleno coraz\u00f3n de la localidad serrana se llevan a cabo diversos trabajos en materia mantenimiento y puesta en valor del inmueble, principalmente en lo que refiere a los ba\u00f1os, con las modificaciones y adaptaciones correspondientes para poder ser utilizados por personas con movilidad reducida.<\/p>\n<\/blockquote>\n\n\n\n<p><\/p>\n\n\n\n<p><em>\u201cRatificamos nuestro compromiso con la discapacidad, pero de manera integral acompa\u00f1ando tambi\u00e9n a quienes d\u00eda a d\u00eda trabajan para promover una sociedad m\u00e1s inclusiva y equitativa. Es muy satisfactorio invertir en este tipo de instituciones\u201d, <\/em>expres\u00f3 Wesner.<\/p>\n\n\n\n<p><\/p>\n\n\n\n<p>Asimismo, la directora \u00c1vila asegur\u00f3: \u201c<strong>Estamos muy agradecidas por el acompa\u00f1amiento del Municipio en la ejecuci\u00f3n de esta obra tan esperada, como lo son los ba\u00f1os para nuestros estudiantes\u201d.<\/strong><\/p>\n\n\n\n<p><\/p>\n\n\n\n<p>En tanto agreg\u00f3 que \u201cera un sue\u00f1o incumplido, o que no lo \u00edbamos a poder realizar en poco tiempo, pero en una de las visitas que tuvo el intendente lo invitamos a ver c\u00f3mo estaban y c\u00f3mo funcionaban los ba\u00f1os. Nos dijo \u2018esto no puede seguir pasando\u2019, por eso estamos tan felices que se haya hecho en tan poco tiempo, sobre todo por ocuparse m\u00e1s que preocuparse. Eso es muy importante para nosotros\u201d.<\/p>\n\n\n\n<p><\/p>\n\n\n\n<figure class=\"wp-block-image aligncenter size-full\"><img data-recalc-dims=\"1\" loading=\"lazy\" decoding=\"async\" width=\"800\" height=\"484\" src=\"https:\/\/i0.wp.com\/cdnoticias.com\/wp-content\/uploads\/2026\/01\/centro-teresa-calcula-obra1.jpg?resize=800%2C484&#038;ssl=1\" alt=\"\" class=\"wp-image-193874\" srcset=\"https:\/\/i0.wp.com\/cdnoticias.com\/wp-content\/uploads\/2026\/01\/centro-teresa-calcula-obra1.jpg?w=900&amp;ssl=1 900w, https:\/\/i0.wp.com\/cdnoticias.com\/wp-content\/uploads\/2026\/01\/centro-teresa-calcula-obra1.jpg?resize=300%2C182&amp;ssl=1 300w, https:\/\/i0.wp.com\/cdnoticias.com\/wp-content\/uploads\/2026\/01\/centro-teresa-calcula-obra1.jpg?resize=768%2C465&amp;ssl=1 768w\" sizes=\"auto, (max-width: 800px) 100vw, 800px\" \/><\/figure>\n\n\n\n<p><\/p>\n\n\n\n<p>\u201cEstamos felices de tener el acompa\u00f1amiento y sobre todo de ser escuchados por el Municipio, que es muy importante\u201d, concluyeron las referentes de la instituci\u00f3n que actualmente cuenta con una <strong>matr\u00edcula de 17 estudiantes,<\/strong> quienes asisten no s\u00f3lo desde la localidad, sino de otros puntos del Partido tales como <strong>Olavarr\u00eda, Villa Mi Serran\u00eda y Sierra Chica.<\/strong><\/p>\n\n\n\n<p><\/p>\n\n\n\n<p>Vale destacar, por \u00faltimo, que el plan de obras, adem\u00e1s de la construcci\u00f3n de nuevos ba\u00f1os adaptados para personas con movilidad reducida, contempla <strong>trabajos de impermeabilizaci\u00f3n en sector de ba\u00f1o y dep\u00f3sito, el cambio del tanque de agua, la reparaci\u00f3n de instalaci\u00f3n el\u00e9ctrica, cambio de puertas y aberturas,<\/strong> adem\u00e1s<strong> labores de pintura y sobre desag\u00fces cloacales.<\/strong><\/p>\n\n\n\n<p><\/p>\n","protected":false},"excerpt":{"rendered":"<p>Se llevan a cabo diversos trabajos en materia de mantenimiento, principalmente en lo que refiere a los ba\u00f1os, con las<\/p>\n","protected":false},"author":6,"featured_media":193873,"comment_status":"closed","ping_status":"closed","sticky":false,"template":"","format":"standard","meta":{"_jetpack_memberships_contains_paid_content":false,"footnotes":""},"categories":[5,1],"tags":[],"class_list":["post-193870","post","type-post","status-publish","format-standard","has-post-thumbnail","hentry","category-informacion-general","category-portada"],"jetpack_featured_media_url":"https:\/\/i0.wp.com\/cdnoticias.com\/wp-content\/uploads\/2026\/01\/centro-teresa-calcula-obra2.jpg?fit=900%2C558&ssl=1","jetpack_sharing_enabled":true,"_links":{"self":[{"href":"https:\/\/cdnoticias.com\/index.php\/wp-json\/wp\/v2\/posts\/193870","targetHints":{"allow":["GET"]}}],"collection":[{"href":"https:\/\/cdnoticias.com\/index.php\/wp-json\/wp\/v2\/posts"}],"about":[{"href":"https:\/\/cdnoticias.com\/index.php\/wp-json\/wp\/v2\/types\/post"}],"author":[{"embeddable":true,"href":"https:\/\/cdnoticias.com\/index.php\/wp-json\/wp\/v2\/users\/6"}],"replies":[{"embeddable":true,"href":"https:\/\/cdnoticias.com\/index.php\/wp-json\/wp\/v2\/comments?post=193870"}],"version-history":[{"count":0,"href":"https:\/\/cdnoticias.com\/index.php\/wp-json\/wp\/v2\/posts\/193870\/revisions"}],"wp:featuredmedia":[{"embeddable":true,"href":"https:\/\/cdnoticias.com\/index.php\/wp-json\/wp\/v2\/media\/193873"}],"wp:attachment":[{"href":"https:\/\/cdnoticias.com\/index.php\/wp-json\/wp\/v2\/media?parent=193870"}],"wp:term":[{"taxonomy":"category","embeddable":true,"href":"https:\/\/cdnoticias.com\/index.php\/wp-json\/wp\/v2\/categories?post=193870"},{"taxonomy":"post_tag","embeddable":true,"href":"https:\/\/cdnoticias.com\/index.php\/wp-json\/wp\/v2\/tags?post=193870"}],"curies":[{"name":"wp","href":"https:\/\/api.w.org\/{rel}","templated":true}]}}